{"id":108517,"date":"2023-09-25T14:04:13","date_gmt":"2023-09-25T17:04:13","guid":{"rendered":"https:\/\/www.actualidadadiario.com\/?p=108517"},"modified":"2023-09-25T14:04:13","modified_gmt":"2023-09-25T17:04:13","slug":"tras-el-pedido-de-francisco-a-europa-francia-e-italia-buscaran-soluciones-comunes-a-la-inmigracion","status":"publish","type":"post","link":"https:\/\/www.actualidadadiario.com\/index.php\/2023\/09\/25\/tras-el-pedido-de-francisco-a-europa-francia-e-italia-buscaran-soluciones-comunes-a-la-inmigracion\/","title":{"rendered":"Tras el pedido de Francisco a Europa, Francia e Italia buscar\u00e1n soluciones comunes a la inmigraci\u00f3n"},"content":{"rendered":"<p style=\"text-align: center;\"><em><strong>&#8220;Debemos desempe\u00f1ar nuestro papel como europeos y no dejar solos a los italianos&#8221;, plante\u00f3 Macron, en medio de las tensiones bilaterales por el cierre parcial dispuesto por Francia en la frontera com\u00fan de Ventimiglia, y apenas horas despu\u00e9s de reunirse con Francisco en Marsella<\/strong><\/em><\/p>\n<p>&nbsp;<\/p>\n<p>&nbsp;<\/p>\n<p>La premier italiana Giorgia Meloni y el presidente franc\u00e9s Emmanuel Macron anunciaron que buscar\u00e1n iniciativas comunes para buscar soluciones a la masiva llegada de migrantes en las \u00faltimas semanas, en lo que parece una respuesta concreta al pedido que el papa Francisco hizo el fin de semana para que Europa asuma su &#8220;responsabilidad&#8221; com\u00fan en el tema.<\/p>\n<p>&#8220;Acojo con gran inter\u00e9s la propuesta de colaboraci\u00f3n del presidente franc\u00e9s Emmanuel Macron en la lucha contra la inmigraci\u00f3n ilegal&#8221;, dijo Meloni la noche de este domingo en una nota difundida oficialmente por el Gobierno italiano momentos despu\u00e9s de que Macron anunciara su intenci\u00f3n de &#8220;trabajar&#8221; con la premier para afrontar soluciones compartidas.<\/p>\n<p>&#8220;Debemos desempe\u00f1ar nuestro papel como europeos y no dejar solos a los italianos&#8221;, plante\u00f3 Macron en declaraciones televisivas, en medio de las tensiones bilaterales por el cierre parcial dispuesto por Francia en la frontera com\u00fan de Ventimiglia, y apenas horas despu\u00e9s de reunirse con Francisco en Marsella durante una visita de dos d\u00edas del pont\u00edfice a la ciudad portuaria.<\/p>\n<p>Para Meloni, &#8220;est\u00e1 claro que Italia, Francia y la Uni\u00f3n Europea deben actuar juntos para apoyar a los Estados de origen de los migrantes y ayudar a los Estados de tr\u00e1nsito a desmantelar las redes criminales de traficantes de personas&#8221;.<\/p>\n<p>El s\u00e1bado, tras reunirse media hora a solas con Macron, Francisco pidi\u00f3 que Europa asuma la &#8220;responsabilidad&#8221; de afrontar la inmigraci\u00f3n que llega a trav\u00e9s de la ruta mar\u00edtima del mar Mediterr\u00e1neo y, al cerrar una visita de dos d\u00edas a Marsella, reclam\u00f3 que el continente garantice &#8220;un amplio n\u00famero de entradas legales y regulares&#8221; de personas en cooperaci\u00f3n con los pa\u00edses de origen.<\/p>\n<p>En el segundo y \u00faltimo d\u00eda de una visita a la ciudad-puerto francesa centrada en la migraci\u00f3n, el pont\u00edfice les pidi\u00f3 a los pa\u00edses europeos que no busquen &#8220;salvarse a s\u00ed mismos&#8221; y volvi\u00f3 a insistir con los pedidos de acogida hacia las personas que buscan llegar al continente, al tiempo que rechaz\u00f3 de plano que la oleada migratoria de los \u00faltimos a\u00f1os sea &#8220;una invasi\u00f3n&#8221;, como pregonan los partidos de ultraderecha de la regi\u00f3n.<\/p>\n","protected":false},"excerpt":{"rendered":"<p>&#8220;Debemos desempe\u00f1ar nuestro papel como europeos y no dejar solos a los italianos&#8221;, plante\u00f3 Macron, en medio de las tensiones bilaterales por el cierre parcial dispuesto por Francia en la frontera com\u00fan de Ventimiglia, y apenas horas despu\u00e9s de reunirse con Francisco en Marsella &nbsp; &nbsp; La premier italiana Giorgia Meloni y el presidente franc\u00e9s Emmanuel Macron anunciaron que buscar\u00e1n iniciativas comunes para buscar soluciones a la masiva llegada de migrantes en las \u00faltimas semanas, en lo que parece una respuesta concreta al pedido que el papa Francisco hizo el&#8230;<\/p>\n","protected":false},"author":3,"featured_media":102902,"comment_status":"closed","ping_status":"closed","sticky":false,"template":"","format":"standard","meta":[],"categories":[4],"tags":[],"_links":{"self":[{"href":"https:\/\/www.actualidadadiario.com\/index.php\/wp-json\/wp\/v2\/posts\/108517"}],"collection":[{"href":"https:\/\/www.actualidadadiario.com\/index.php\/wp-json\/wp\/v2\/posts"}],"about":[{"href":"https:\/\/www.actualidadadiario.com\/index.php\/wp-json\/wp\/v2\/types\/post"}],"author":[{"embeddable":true,"href":"https:\/\/www.actualidadadiario.com\/index.php\/wp-json\/wp\/v2\/users\/3"}],"replies":[{"embeddable":true,"href":"https:\/\/www.actualidadadiario.com\/index.php\/wp-json\/wp\/v2\/comments?post=108517"}],"version-history":[{"count":1,"href":"https:\/\/www.actualidadadiario.com\/index.php\/wp-json\/wp\/v2\/posts\/108517\/revisions"}],"predecessor-version":[{"id":108518,"href":"https:\/\/www.actualidadadiario.com\/index.php\/wp-json\/wp\/v2\/posts\/108517\/revisions\/108518"}],"wp:featuredmedia":[{"embeddable":true,"href":"https:\/\/www.actualidadadiario.com\/index.php\/wp-json\/wp\/v2\/media\/102902"}],"wp:attachment":[{"href":"https:\/\/www.actualidadadiario.com\/index.php\/wp-json\/wp\/v2\/media?parent=108517"}],"wp:term":[{"taxonomy":"category","embeddable":true,"href":"https:\/\/www.actualidadadiario.com\/index.php\/wp-json\/wp\/v2\/categories?post=108517"},{"taxonomy":"post_tag","embeddable":true,"href":"https:\/\/www.actualidadadiario.com\/index.php\/wp-json\/wp\/v2\/tags?post=108517"}],"curies":[{"name":"wp","href":"https:\/\/api.w.org\/{rel}","templated":true}]}}