{"id":108512,"date":"2023-09-25T13:45:01","date_gmt":"2023-09-25T16:45:01","guid":{"rendered":"https:\/\/www.actualidadadiario.com\/?p=108512"},"modified":"2023-09-25T13:45:01","modified_gmt":"2023-09-25T16:45:01","slug":"nuevo-ife-massa-y-la-titular-de-anses-anuncian-medidas-para-trabajadores-informales","status":"publish","type":"post","link":"https:\/\/www.actualidadadiario.com\/index.php\/2023\/09\/25\/nuevo-ife-massa-y-la-titular-de-anses-anuncian-medidas-para-trabajadores-informales\/","title":{"rendered":"\u00bfNuevo IFE?: Massa y la titular de ANSES anuncian medidas para trabajadores informales"},"content":{"rendered":"<p style=\"text-align: center;\"><em><strong>Sergio Massa y Fernanda Raverta brindar\u00e1n esta tarde m\u00e1s detalles sobre nuevas medidas econ\u00f3micas, dirigidas a los trabajadores informales<\/strong><\/em><\/p>\n<p>&nbsp;<\/p>\n<p>&nbsp;<\/p>\n<p>El ministro de Econom\u00eda, Sergio Massa, junto a la titular de la ANSES, Fernanda Raverta, preparan una serie de anuncios de impacto en la econom\u00eda. Se trata de medidas dirigidas a los trabajadores informales, entre las que se contempla la posibilidad del pago de un nuevo refuerzo de ingresos para ese sector, uno de los m\u00e1s relegados y castigados por el efecto negativo de la inflaci\u00f3n y la devaluaci\u00f3n. Seg\u00fan pudo confirmar \u00c1mbito, desde el Gobierno negaron que se trate de un nuevo IFE, sino m\u00e1s bien de un &#8220;refuerzo de ingreso para trabajadores informales&#8221;, que comprende un universo aproximado de 3 millones de personas.<\/p>\n<p>Habr\u00e1 una conferencia prevista este lunes para las 19, encabezada por Massa y Raverta, donde brindar\u00e1n detalles sobre las nuevas medidas para trabajadores informales.<\/p>\n<p>&nbsp;<\/p>\n<p><strong>Qu\u00e9 se sabe del nuevo IFE<\/strong><\/p>\n<p>La semana pasada, Sergio Massa estuvo en C5N y adelant\u00f3 los lineamientos de las pr\u00f3ximas medidas econ\u00f3micas a implementar, especialmente focalizadas en el sector de los trabajadores informales, un grupo que hoy (se estima) alcanza a tres millones de personas.<\/p>\n<p>El ministro hizo referencias a propuestas para \u201ctratar de ayudar\u201d a los trabajadores informales, para \u201cenfrentar la situaci\u00f3n que represent\u00f3 la devaluaci\u00f3n que el FMI le impuso a la Argentina\u201d.<\/p>\n<p>\u201cA ellos los tenemos que ayudar\u201d y por eso \u201cestamos trabajando en alguna medida\u201d que a\u00fan no est\u00e1 del todo definida pero que \u201cen los pr\u00f3ximos d\u00edas la vamos a resolver\u201d, adelant\u00f3 el ministro.<\/p>\n","protected":false},"excerpt":{"rendered":"<p>Sergio Massa y Fernanda Raverta brindar\u00e1n esta tarde m\u00e1s detalles sobre nuevas medidas econ\u00f3micas, dirigidas a los trabajadores informales &nbsp; &nbsp; El ministro de Econom\u00eda, Sergio Massa, junto a la titular de la ANSES, Fernanda Raverta, preparan una serie de anuncios de impacto en la econom\u00eda. Se trata de medidas dirigidas a los trabajadores informales, entre las que se contempla la posibilidad del pago de un nuevo refuerzo de ingresos para ese sector, uno de los m\u00e1s relegados y castigados por el efecto negativo de la inflaci\u00f3n y la devaluaci\u00f3n&#8230;.<\/p>\n","protected":false},"author":3,"featured_media":97912,"comment_status":"closed","ping_status":"closed","sticky":false,"template":"","format":"standard","meta":[],"categories":[18],"tags":[],"_links":{"self":[{"href":"https:\/\/www.actualidadadiario.com\/index.php\/wp-json\/wp\/v2\/posts\/108512"}],"collection":[{"href":"https:\/\/www.actualidadadiario.com\/index.php\/wp-json\/wp\/v2\/posts"}],"about":[{"href":"https:\/\/www.actualidadadiario.com\/index.php\/wp-json\/wp\/v2\/types\/post"}],"author":[{"embeddable":true,"href":"https:\/\/www.actualidadadiario.com\/index.php\/wp-json\/wp\/v2\/users\/3"}],"replies":[{"embeddable":true,"href":"https:\/\/www.actualidadadiario.com\/index.php\/wp-json\/wp\/v2\/comments?post=108512"}],"version-history":[{"count":1,"href":"https:\/\/www.actualidadadiario.com\/index.php\/wp-json\/wp\/v2\/posts\/108512\/revisions"}],"predecessor-version":[{"id":108513,"href":"https:\/\/www.actualidadadiario.com\/index.php\/wp-json\/wp\/v2\/posts\/108512\/revisions\/108513"}],"wp:featuredmedia":[{"embeddable":true,"href":"https:\/\/www.actualidadadiario.com\/index.php\/wp-json\/wp\/v2\/media\/97912"}],"wp:attachment":[{"href":"https:\/\/www.actualidadadiario.com\/index.php\/wp-json\/wp\/v2\/media?parent=108512"}],"wp:term":[{"taxonomy":"category","embeddable":true,"href":"https:\/\/www.actualidadadiario.com\/index.php\/wp-json\/wp\/v2\/categories?post=108512"},{"taxonomy":"post_tag","embeddable":true,"href":"https:\/\/www.actualidadadiario.com\/index.php\/wp-json\/wp\/v2\/tags?post=108512"}],"curies":[{"name":"wp","href":"https:\/\/api.w.org\/{rel}","templated":true}]}}