{"id":108510,"date":"2023-09-25T13:42:21","date_gmt":"2023-09-25T16:42:21","guid":{"rendered":"https:\/\/www.actualidadadiario.com\/?p=108510"},"modified":"2023-09-25T13:42:21","modified_gmt":"2023-09-25T16:42:21","slug":"javier-milei-vaticino-que-pasara-con-jxc-y-el-peronismo-despues-de-las-elecciones","status":"publish","type":"post","link":"https:\/\/www.actualidadadiario.com\/index.php\/2023\/09\/25\/javier-milei-vaticino-que-pasara-con-jxc-y-el-peronismo-despues-de-las-elecciones\/","title":{"rendered":"Javier Milei vaticin\u00f3 qu\u00e9 pasar\u00e1 con JxC y el peronismo despu\u00e9s de las elecciones"},"content":{"rendered":"<p style=\"text-align: center;\"><em><strong>El candidato presidencial de La Libertad Avanza opin\u00f3 sobre el futuro pol\u00edtico del pa\u00eds y pronostic\u00f3 c\u00f3mo ser\u00eda el escenario para las fuerzas m\u00e1s representativas como Juntos por el Cambio y el peronismo<\/strong><\/em><\/p>\n<p>&nbsp;<\/p>\n<p>&nbsp;<\/p>\n<p>El candidato a presidente de La Libertad Avanza (LLA), Javier Milei, formul\u00f3 este lunes un an\u00e1lisis en el que vaticin\u00f3 cu\u00e1l ser\u00e1 el futuro de Juntos por el Cambio (JxC) y del peronismo, despu\u00e9s de las elecciones 2023. En declaraciones radiales, el economista libertario adelant\u00f3 que en el caso de lograr el triunfo en las urnas, &#8220;van a desaparecer las dos fuerzas que hist\u00f3ricamente dominaron los \u00faltimos 20 a\u00f1os&#8221; y anticip\u00f3 que su gesti\u00f3n ser\u00e1 &#8220;revoluci\u00f3n&#8221; en &#8220;t\u00e9rminos pol\u00edticos&#8221;.<\/p>\n<p>A menos de una semana del debate presidencial, donde se ver\u00e1n las caras los cinco candidatos, Milei sigue en tono de mesura la campa\u00f1a electoral. En la b\u00fasqueda de sumar m\u00e1s votos &#8220;racionales&#8221;, en un escenario de eventual paridad que lo impulsar\u00eda como m\u00ednimo al balotaje, el candidato de LLA hizo un an\u00e1lisis sobre el panorama pol\u00edtico de las \u00faltimas semanas.<\/p>\n<p>&nbsp;<\/p>\n<p><strong>\u201cPredijo\u201d qu\u00e9 pasar\u00e1 con JxC y el peronismo despu\u00e9s de octubre<\/strong><\/p>\n<p>En di\u00e1logo con Continental, el diputado libertario puso el foco en lo que ser\u00e1 el futuro de la pol\u00edtica nacional, que seg\u00fan su predicci\u00f3n, tendr\u00e1 cambios importantes en caso que logre el triunfo en las elecciones. &#8220;Si nosotros llegamos a salir triunfantes el 22 de octubre, va a ocurrir en t\u00e9rminos pol\u00edticos una revoluci\u00f3n&#8221;, asegur\u00f3 Javier Milei este lunes. Sigui\u00f3 hablando as\u00ed de lo que pasar\u00e1 con Juntos por el Cambio y con el kirchnerismo y el peronismo, los dos espacios que motorizaron la pol\u00edtica nacional en las \u00faltimas dos d\u00e9cadas.<\/p>\n<p>&#8221;Van a desaparecer las dos fuerzas que hist\u00f3ricamente dominaron los \u00faltimos 20 a\u00f1os y se van a fragmentar, ya lo estamos viendo con juntos por el Cambio&#8221;, consider\u00f3 el candidato de LLA, a lo que agreg\u00f3 que &#8220;no ser\u00eda nada raro que ocurra con el peronismo&#8221; un movimiento similar, que genere la p\u00e9rdida de protagonismo en el tablero pol\u00edtico nacional.<\/p>\n<p>&#8220;Voy a ir a los debates presidenciales, yo no s\u00e9 qui\u00e9n es el que inventa esas cosas de que no voy a ir. Por otra parte, seg\u00fan mis n\u00fameros (encuestas) ir\u00edamos a un balotaje con Sergio Massa&#8221;, indic\u00f3 el diputado libertario. &#8220;Los procesos de crecimiento se miran en tiempos de 30, 50 o 100 a\u00f1os. Parec\u00eda una exageraci\u00f3n hace 10 a\u00f1os decir que Argentina se iba a convertir en la villa miseria m\u00e1s grande del mundo&#8221;, expres\u00f3.<\/p>\n<p>&nbsp;<\/p>\n<p><strong>Respondi\u00f3 a las cr\u00edticas por el encuentro con Luis Barrionuevo<\/strong><\/p>\n<p>En otro apartado de la entrevista, Milei aclar\u00f3 algunas cuestiones respecto a su encuentro con el hist\u00f3rico sindicalista Luis Barrionuevo, con el que compartieron una cena en la que recaudaron fondos para la campa\u00f1a del candidato libertario.<\/p>\n<p>Las cr\u00edticas a Milei fueron por su vinculaci\u00f3n con la &#8220;casta&#8221; pol\u00edtica, dado el apoyo expl\u00edcito de la figura de Barrionuevo, quien se ha vinculado con todos los gobiernos. &#8220;No cant\u00e9 la marcha peronista, eso es un video editado. Est\u00e1 hecho por JxC. Para que tengan claro lo sucio que juega JxC. Se cantaba &#8216;La casta tiene miedo&#8217; y le editaron la marcha peronista encima&#8221;, indic\u00f3 el diputado de LLA.<\/p>\n<p>En esa l\u00ednea, las cr\u00edticas contra el libertario fueron por su plan de gobierno, el cual es apuntado por su intento de recorte en \u00e1reas clave y con una reforma laboral en gateras, lo que le vali\u00f3 que desde el sector sindical, llegaran varios cuestionamientos al programa de gobierno de Milei. &#8220;Planteamos una modernizaci\u00f3n del mercado laboral, yendo hacia un seguro de desempleo como el de la UOCRA, pero con mayor generalizaci\u00f3n&#8221;, aclar\u00f3 el candidato presidencial libertario este lunes.<\/p>\n","protected":false},"excerpt":{"rendered":"<p>El candidato presidencial de La Libertad Avanza opin\u00f3 sobre el futuro pol\u00edtico del pa\u00eds y pronostic\u00f3 c\u00f3mo ser\u00eda el escenario para las fuerzas m\u00e1s representativas como Juntos por el Cambio y el peronismo &nbsp; &nbsp; El candidato a presidente de La Libertad Avanza (LLA), Javier Milei, formul\u00f3 este lunes un an\u00e1lisis en el que vaticin\u00f3 cu\u00e1l ser\u00e1 el futuro de Juntos por el Cambio (JxC) y del peronismo, despu\u00e9s de las elecciones 2023. En declaraciones radiales, el economista libertario adelant\u00f3 que en el caso de lograr el triunfo en las&#8230;<\/p>\n","protected":false},"author":3,"featured_media":106722,"comment_status":"closed","ping_status":"closed","sticky":false,"template":"","format":"standard","meta":[],"categories":[18],"tags":[],"_links":{"self":[{"href":"https:\/\/www.actualidadadiario.com\/index.php\/wp-json\/wp\/v2\/posts\/108510"}],"collection":[{"href":"https:\/\/www.actualidadadiario.com\/index.php\/wp-json\/wp\/v2\/posts"}],"about":[{"href":"https:\/\/www.actualidadadiario.com\/index.php\/wp-json\/wp\/v2\/types\/post"}],"author":[{"embeddable":true,"href":"https:\/\/www.actualidadadiario.com\/index.php\/wp-json\/wp\/v2\/users\/3"}],"replies":[{"embeddable":true,"href":"https:\/\/www.actualidadadiario.com\/index.php\/wp-json\/wp\/v2\/comments?post=108510"}],"version-history":[{"count":1,"href":"https:\/\/www.actualidadadiario.com\/index.php\/wp-json\/wp\/v2\/posts\/108510\/revisions"}],"predecessor-version":[{"id":108511,"href":"https:\/\/www.actualidadadiario.com\/index.php\/wp-json\/wp\/v2\/posts\/108510\/revisions\/108511"}],"wp:featuredmedia":[{"embeddable":true,"href":"https:\/\/www.actualidadadiario.com\/index.php\/wp-json\/wp\/v2\/media\/106722"}],"wp:attachment":[{"href":"https:\/\/www.actualidadadiario.com\/index.php\/wp-json\/wp\/v2\/media?parent=108510"}],"wp:term":[{"taxonomy":"category","embeddable":true,"href":"https:\/\/www.actualidadadiario.com\/index.php\/wp-json\/wp\/v2\/categories?post=108510"},{"taxonomy":"post_tag","embeddable":true,"href":"https:\/\/www.actualidadadiario.com\/index.php\/wp-json\/wp\/v2\/tags?post=108510"}],"curies":[{"name":"wp","href":"https:\/\/api.w.org\/{rel}","templated":true}]}}