{"id":108504,"date":"2023-09-25T13:28:18","date_gmt":"2023-09-25T16:28:18","guid":{"rendered":"https:\/\/www.actualidadadiario.com\/?p=108504"},"modified":"2023-09-25T13:28:18","modified_gmt":"2023-09-25T16:28:18","slug":"la-defensa-de-cristina-kirchner-apelara-los-fallos-que-revocaron-sus-sobreseimientos","status":"publish","type":"post","link":"https:\/\/www.actualidadadiario.com\/index.php\/2023\/09\/25\/la-defensa-de-cristina-kirchner-apelara-los-fallos-que-revocaron-sus-sobreseimientos\/","title":{"rendered":"La defensa de Cristina Kirchner apelar\u00e1 los fallos que revocaron sus sobreseimientos"},"content":{"rendered":"<p style=\"text-align: center;\"><em><strong>La C\u00e1mara Federal de Casaci\u00f3n Penal revoc\u00f3 la semana pasada los sobreseimientos que se hab\u00edan dictado a favor de la Vicepresidenta en en las causas de &#8220;Hotesur-Los Sauces&#8221; y &#8220;Memor\u00e1ndum de entendimiento con Ir\u00e1n&#8221;. &#8220;Ambos fallos fueron arbitrarios y ser\u00e1n apelados&#8221;, sostuvieron<\/strong><\/em><\/p>\n<p>&nbsp;<\/p>\n<p>&nbsp;<\/p>\n<p>La defensa de la vicepresidenta Cristina Fern\u00e1ndez de Kirchner buscar\u00e1 apelar los fallos emitidos por la C\u00e1mara Federal de Casaci\u00f3n Penal el \u00faltimo lunes con los que fueron revocados los sobreseimientos que se hab\u00edan dictado en su favor en las causas conocidas como &#8220;Hotesur-Los Sauces&#8221; y &#8220;Memor\u00e1ndum de entendimiento con Ir\u00e1n&#8221;.<\/p>\n<p>El plazo para presentar los recursos extraordinarios con los que la defensa de la exmandataria pretende llegar hasta la Corte Suprema de Justicia es de 10 d\u00edas h\u00e1biles y los abogados de la exmandataria Carlos Beraldi y Ary Llernovoy trabajaban en esas presentaciones.\u00a0 &#8220;Ambos fallos fueron arbitrarios y ser\u00e1n apelados&#8221;, sintetizaron las fuentes cercanas a la defensa de Fern\u00e1ndez de Kirchner mientras el entorno de la vicepresidenta mantuvo bajo perfil durante los \u00faltimos d\u00edas en relaci\u00f3n con las causas judiciales.<\/p>\n<p>Para las fuentes ambos fallos estaban dentro de lo esperado y remarcaron que ya hab\u00edan sido anunciados por distintos medios de comunicaci\u00f3n, despu\u00e9s de que la Corte Suprema de Justicia ces\u00f3 en sus funciones a la jueza Ana Mar\u00eda Figueroa, integrante de la sala de Casaci\u00f3n llamada a intervenir en el caso.<\/p>\n<p>A diferencia de otras veces, la exmandataria no reaccion\u00f3 p\u00fablicamente a los fallos de Casaci\u00f3n en su contra pese a que el s\u00e1bado encabez\u00f3 una presentaci\u00f3n titulada &#8220;De castas, herencias, derrumbes y futuro&#8221; por la reedici\u00f3n del libro &#8220;Despu\u00e9s del derrumbe. Conversaciones de Torcuato Di Tella y N\u00e9stor Kirchner&#8221; en la Universidad Metropolitana para la Educaci\u00f3n y el Trabajo (UMET).<\/p>\n<p>Fuentes de su entorno atribuyeron el bajo perfil al contexto electoral y recordaron la frase esgrimida por la exmandataria en diciembre cuando confirm\u00f3 que no ser\u00eda candidata a ning\u00fan cargo, tras recibir la condena del tribunal oral que juzg\u00f3 la causa Vialidad. &#8220;No voy a someter la fuerza pol\u00edtica que me dio el honor de ser dos veces presidenta y una vez vicepresidenta a que la maltraten en per\u00edodo electoral con una candidata condenada&#8221;, hab\u00eda afirmado la Vicepresidenta.<\/p>\n<p>La C\u00e1mara Federal de Casaci\u00f3n Penal dispuso el pasado lunes que se realicen los juicios orales por las causas Hotesur-Los Sauces, por supuesta asociaci\u00f3n il\u00edcita y lavado de dinero, y otro por el Memor\u00e1ndum de Entendimiento con Ir\u00e1n para volver a analizar la actuaci\u00f3n de la justicia en la investigaci\u00f3n por el atentado a la AMIA, por presunto encubrimiento, en los que est\u00e1 imputada la vicepresidenta.<\/p>\n<p>Con los votos de los jueces Barroetave\u00f1a y Daniel Petrone, la sala primera del m\u00e1ximo tribunal penal del pa\u00eds dej\u00f3 sin efecto los sobreseimientos dictados por los tribunales orales respectivos.<\/p>\n<p>En el caso Hotesur-Los Sauces, donde hay imputaciones por asociaci\u00f3n il\u00edcita y lavado de dinero en el alquiler de propiedades y hoteles pertenecientes a la familia Kirchner, los jueces revocaron los sobreseimientos dispuestos por el Tribunal Oral Federal 5 a fines de 2021.<\/p>\n<p>Los magistrados ratificaron que qued\u00f3 fuera del proceso Florencia Kirchner, hija de los expresidentes N\u00e9stor Kirchner y Cristina Fern\u00e1ndez, porque ten\u00eda 12 a\u00f1os en el momento en que se habr\u00edan producido los hechos.<\/p>\n<p>As\u00ed, Casaci\u00f3n dispuso que vayan a juicio oral la actual vicepresidenta de la Naci\u00f3n, su hijo, el diputado nacional M\u00e1ximo Kirchner; su sobrina Romina Mercado, Patricio Pereyra Arandia, el empresario L\u00e1zaro B\u00e1ez, sus hijos Mart\u00edn, Leandro y Sabrina B\u00e1ez, Osvaldo Sanfelice, V\u00edctor Manzanares, Carlos Sancho, Crist\u00f3bal L\u00f3pez y Fabi\u00e1n De Sousa, entre otros.<\/p>\n<p>Asimismo, fueron apartados los jueces del TOF 5 Daniel Obligado y Adri\u00e1n Gr\u00fcnberg. Esos jueces hab\u00edan dicho que los fondos que se hab\u00edan usado para pagar alquileres de habitaciones en el complejo hotelero -la base de la sospecha de supuesto lavado de dinero- eran de &#8220;origen l\u00edcito&#8221; pues estaban bancarizados y &#8220;estuvieron respaldados por normas y decisiones emanadas de organismos oficiales y\/o autoridades&#8221;.<\/p>\n<p>Adem\u00e1s, aquellos magistrados hab\u00edan sostenido que deb\u00eda aplicarse la ley m\u00e1s benigna, y que hasta 2011 -los hechos investigados habr\u00edan ido desde 2008 hasta 2015- el &#8220;autolavado&#8221; (maniobra para blanquear dinero propio) no estaba contemplado por la ley argentina.<\/p>\n","protected":false},"excerpt":{"rendered":"<p>La C\u00e1mara Federal de Casaci\u00f3n Penal revoc\u00f3 la semana pasada los sobreseimientos que se hab\u00edan dictado a favor de la Vicepresidenta en en las causas de &#8220;Hotesur-Los Sauces&#8221; y &#8220;Memor\u00e1ndum de entendimiento con Ir\u00e1n&#8221;. &#8220;Ambos fallos fueron arbitrarios y ser\u00e1n apelados&#8221;, sostuvieron &nbsp; &nbsp; La defensa de la vicepresidenta Cristina Fern\u00e1ndez de Kirchner buscar\u00e1 apelar los fallos emitidos por la C\u00e1mara Federal de Casaci\u00f3n Penal el \u00faltimo lunes con los que fueron revocados los sobreseimientos que se hab\u00edan dictado en su favor en las causas conocidas como &#8220;Hotesur-Los Sauces&#8221; y&#8230;<\/p>\n","protected":false},"author":3,"featured_media":108505,"comment_status":"closed","ping_status":"closed","sticky":false,"template":"","format":"standard","meta":[],"categories":[18],"tags":[],"_links":{"self":[{"href":"https:\/\/www.actualidadadiario.com\/index.php\/wp-json\/wp\/v2\/posts\/108504"}],"collection":[{"href":"https:\/\/www.actualidadadiario.com\/index.php\/wp-json\/wp\/v2\/posts"}],"about":[{"href":"https:\/\/www.actualidadadiario.com\/index.php\/wp-json\/wp\/v2\/types\/post"}],"author":[{"embeddable":true,"href":"https:\/\/www.actualidadadiario.com\/index.php\/wp-json\/wp\/v2\/users\/3"}],"replies":[{"embeddable":true,"href":"https:\/\/www.actualidadadiario.com\/index.php\/wp-json\/wp\/v2\/comments?post=108504"}],"version-history":[{"count":1,"href":"https:\/\/www.actualidadadiario.com\/index.php\/wp-json\/wp\/v2\/posts\/108504\/revisions"}],"predecessor-version":[{"id":108506,"href":"https:\/\/www.actualidadadiario.com\/index.php\/wp-json\/wp\/v2\/posts\/108504\/revisions\/108506"}],"wp:featuredmedia":[{"embeddable":true,"href":"https:\/\/www.actualidadadiario.com\/index.php\/wp-json\/wp\/v2\/media\/108505"}],"wp:attachment":[{"href":"https:\/\/www.actualidadadiario.com\/index.php\/wp-json\/wp\/v2\/media?parent=108504"}],"wp:term":[{"taxonomy":"category","embeddable":true,"href":"https:\/\/www.actualidadadiario.com\/index.php\/wp-json\/wp\/v2\/categories?post=108504"},{"taxonomy":"post_tag","embeddable":true,"href":"https:\/\/www.actualidadadiario.com\/index.php\/wp-json\/wp\/v2\/tags?post=108504"}],"curies":[{"name":"wp","href":"https:\/\/api.w.org\/{rel}","templated":true}]}}