{"id":108501,"date":"2023-09-25T13:19:16","date_gmt":"2023-09-25T16:19:16","guid":{"rendered":"https:\/\/www.actualidadadiario.com\/?p=108501"},"modified":"2023-09-25T13:19:16","modified_gmt":"2023-09-25T16:19:16","slug":"morales-duro-contra-macri-le-ha-hecho-mucho-dano-a-juntos-por-el-cambio","status":"publish","type":"post","link":"https:\/\/www.actualidadadiario.com\/index.php\/2023\/09\/25\/morales-duro-contra-macri-le-ha-hecho-mucho-dano-a-juntos-por-el-cambio\/","title":{"rendered":"Morales, duro contra Macri: &#8220;Le ha hecho mucho da\u00f1o a Juntos por el Cambio&#8221;"},"content":{"rendered":"<p style=\"text-align: center;\"><em><strong>El gobernador de Jujuy asegur\u00f3 adem\u00e1s que &#8220;el liberalismo extremo es contagioso&#8221;, en respuesta a las cr\u00edticas del expresidente al radicalismo<\/strong><\/em><\/p>\n<p>&nbsp;<\/p>\n<p>&nbsp;<\/p>\n<p>El gobernador de Jujuy, Gerardo Morales, protagoniz\u00f3 un nuevo cap\u00edtulo en la interna contra el expresidente Mauricio Macri y lo cruz\u00f3 tras sus cr\u00edticas al radicalismo: &#8220;Despu\u00e9s de las PASO, con tanta alabanza a (Javier) Milei, Macri le ha hecho mucho da\u00f1o a Juntos por el Cambio&#8221;.<\/p>\n<p>&#8220;El liberalismo extremo es contagioso&#8221;, subray\u00f3 tras los acercamientos del fundador del PRO con el libertario Javier Milei. La frase de Morales no es azarosa, utiliz\u00f3 las mismas palabras que pronunci\u00f3 Macri para acusar a la fuerza que conduce Morales de populista luego de que sus diputados radicales dieran qu\u00f3rum en la sesi\u00f3n que trat\u00f3 las reformas en el Impuesto a las Ganancias. &#8220;El populismo es contagioso&#8221;, supo declarar el exmandatario.<\/p>\n<p>&#8220;Despu\u00e9s de las PASO, en las primeras semanas, con tanta alabanza a Milei le ha hecho mucho da\u00f1o a Juntos por el Cambio&#8221;, indic\u00f3 el titular de la Uni\u00f3n C\u00edvica Radical (UCR) en declaraciones radiales, y agreg\u00f3: &#8220;Ahora se callado un poco y ordenado, espero que trabaje y apoye decididamente&#8221;.<\/p>\n<p>En la misma sinton\u00eda, tras los cuestionamientos de Macri fustig\u00f3: &#8220;En todo caso, el problema no est\u00e1 en el radicalismo que lo que est\u00e1 haciendo es levantar a Patricia [Bullrich] y a Juntos por el Cambio. Creo que (Macri) se ha moderado y la mayor manera de aportar es que no deje dudas de que la candidata es Patricia y no la posibilidad de Milei&#8221;.<\/p>\n<p>Para Morales hubo un &#8220;coqueteo&#8221; del expresidente con el candidato de La Libertad Avanza que hizo da\u00f1o a la coalici\u00f3n opositora, por lo que pidi\u00f3 enfocarse en la elecci\u00f3n y trabajar para que la Argentina sea presidenta. &#8220;Hay un liberalismo extremo contagioso que nos hace da\u00f1o y desperfila a Juntos por el Cambio&#8221;, asever\u00f3.<\/p>\n<p>A poco menos de un mes para las generales del 22 de octubre, Morales asegur\u00f3 que Patricia Bullrich &#8220;est\u00e1 competitiva&#8221;, con &#8220;m\u00e1s firmeza que nunca y decidida a encarar un proceso contundente en todo el pa\u00eds&#8221;, y que observa un fuerte potencial del espacio.<\/p>\n<p>&#8220;Las encuestas han fracasado, vemos un fuerte potencial, no es casual el triunfo del radicalismo en los distintos frentes, construyendo a Juntos por el Cambio y eso marca una vigencia del espacio. Veo a Patricia con m\u00e1s firmeza que nunca y decidida a encarar un proceso contundente en todo el pa\u00eds&#8221;, desarroll\u00f3.<\/p>\n<p>Asimismo, en alusi\u00f3n a las propuestas de Milei sostuvo: &#8220;Nuestra premisa es lograr un cambio que sea posible, no un salto al vac\u00edo. Hay que tener cuidado con esos cantos de sirena del cambio de todo para que no cambie nada. Versiones de medidas que se proponen que son dif\u00edciles de implementar&#8221;.<\/p>\n<p>&#8220;Hay mucha mentira, es importante que pensemos tranquilamente el voto. Falta, la gente va a empezar a pensar definitivamente, as\u00ed que estamos muy conformes con el trabajo que estamos haciendo&#8221;, expres\u00f3.<\/p>\n<p>Por \u00faltimo, revel\u00f3 que Horacio Rodr\u00edguez Larreta se encuentra de buen \u00e1nimo a pesar de haber perdido la interna del espacio y trabajando para que Juntos por el Cambio consiga un lugar en el balotaje. &#8220;Est\u00e1 enfocado, ayudando, pero la conducci\u00f3n del marco de campa\u00f1a est\u00e1 en el equipo de Patricia. Veo muy buena energ\u00eda&#8221;, concluy\u00f3.<\/p>\n","protected":false},"excerpt":{"rendered":"<p>El gobernador de Jujuy asegur\u00f3 adem\u00e1s que &#8220;el liberalismo extremo es contagioso&#8221;, en respuesta a las cr\u00edticas del expresidente al radicalismo &nbsp; &nbsp; El gobernador de Jujuy, Gerardo Morales, protagoniz\u00f3 un nuevo cap\u00edtulo en la interna contra el expresidente Mauricio Macri y lo cruz\u00f3 tras sus cr\u00edticas al radicalismo: &#8220;Despu\u00e9s de las PASO, con tanta alabanza a (Javier) Milei, Macri le ha hecho mucho da\u00f1o a Juntos por el Cambio&#8221;. &#8220;El liberalismo extremo es contagioso&#8221;, subray\u00f3 tras los acercamientos del fundador del PRO con el libertario Javier Milei. La frase&#8230;<\/p>\n","protected":false},"author":3,"featured_media":108502,"comment_status":"closed","ping_status":"closed","sticky":false,"template":"","format":"standard","meta":[],"categories":[18],"tags":[],"_links":{"self":[{"href":"https:\/\/www.actualidadadiario.com\/index.php\/wp-json\/wp\/v2\/posts\/108501"}],"collection":[{"href":"https:\/\/www.actualidadadiario.com\/index.php\/wp-json\/wp\/v2\/posts"}],"about":[{"href":"https:\/\/www.actualidadadiario.com\/index.php\/wp-json\/wp\/v2\/types\/post"}],"author":[{"embeddable":true,"href":"https:\/\/www.actualidadadiario.com\/index.php\/wp-json\/wp\/v2\/users\/3"}],"replies":[{"embeddable":true,"href":"https:\/\/www.actualidadadiario.com\/index.php\/wp-json\/wp\/v2\/comments?post=108501"}],"version-history":[{"count":1,"href":"https:\/\/www.actualidadadiario.com\/index.php\/wp-json\/wp\/v2\/posts\/108501\/revisions"}],"predecessor-version":[{"id":108503,"href":"https:\/\/www.actualidadadiario.com\/index.php\/wp-json\/wp\/v2\/posts\/108501\/revisions\/108503"}],"wp:featuredmedia":[{"embeddable":true,"href":"https:\/\/www.actualidadadiario.com\/index.php\/wp-json\/wp\/v2\/media\/108502"}],"wp:attachment":[{"href":"https:\/\/www.actualidadadiario.com\/index.php\/wp-json\/wp\/v2\/media?parent=108501"}],"wp:term":[{"taxonomy":"category","embeddable":true,"href":"https:\/\/www.actualidadadiario.com\/index.php\/wp-json\/wp\/v2\/categories?post=108501"},{"taxonomy":"post_tag","embeddable":true,"href":"https:\/\/www.actualidadadiario.com\/index.php\/wp-json\/wp\/v2\/tags?post=108501"}],"curies":[{"name":"wp","href":"https:\/\/api.w.org\/{rel}","templated":true}]}}