{"id":108498,"date":"2023-09-25T13:17:58","date_gmt":"2023-09-25T16:17:58","guid":{"rendered":"https:\/\/www.actualidadadiario.com\/?p=108498"},"modified":"2023-09-25T13:17:58","modified_gmt":"2023-09-25T16:17:58","slug":"massa-dio-un-paso-mas-en-la-busqueda-de-la-unidad-nacional-con-un-pacto-con-gobernadores","status":"publish","type":"post","link":"https:\/\/www.actualidadadiario.com\/index.php\/2023\/09\/25\/massa-dio-un-paso-mas-en-la-busqueda-de-la-unidad-nacional-con-un-pacto-con-gobernadores\/","title":{"rendered":"Massa dio un paso m\u00e1s en la b\u00fasqueda de la unidad nacional con un pacto con gobernadores"},"content":{"rendered":"<p style=\"text-align: center;\"><em><strong>En la vor\u00e1gine de la campa\u00f1a electoral, el ministro de Econom\u00eda y candidato a presidente por Uni\u00f3n por la Patria (UxP) logr\u00f3 materializar su convocatoria a un acuerdo con distintos espacios pol\u00edticos a trav\u00e9s de un acuerdo impulsado por los propios mandatarios del Norte Grande argentino<\/strong><\/em><\/p>\n<p>&nbsp;<\/p>\n<p>&nbsp;<\/p>\n<p>En la vor\u00e1gine de la campa\u00f1a electoral, el ministro de Econom\u00eda y candidato a presidente por Uni\u00f3n por la Patria (UxP), Sergio Massa, logr\u00f3 este domingo materializar su convocatoria a la unidad nacional de distintos espacios pol\u00edticos con un acuerdo impulsado por los propios gobernadores del Norte Grande argentino.<\/p>\n<p>Ese pacto procura &#8220;compensar las p\u00e9rdidas&#8221; por las medidas a favor del consumidor y la recuperaci\u00f3n del poder adquisitivo del salario con la devoluci\u00f3n del IVA en la canasta b\u00e1sica y la modificaci\u00f3n del Impuesto a las Ganancias.<\/p>\n<p>La residencia del gobernador de Salta, Gustavo S\u00e1enz, en el barrio Las Costas del distrito San Lorenzo en la ciudad capital fue el epicentro para sellar un acuerdo netamente presupuestario para &#8220;no desfinanciar las arcas de las provincias&#8221;, pero que a menos de 30 d\u00edas de las elecciones generales tiene su impacto pol\u00edtico, porque entre los mandatarios firmantes se encuentran tambi\u00e9n dos radicales: Gerardo Morales (Jujuy) y Gustavo Vald\u00e9s (Corrientes).<\/p>\n<p>Morales, quien es presidente de la Uni\u00f3n C\u00edvica Radical (UCR) y fue el compa\u00f1ero de f\u00f3rmula presidencial de Horacio Rodr\u00edguez Larreta (Juntos por el Cambio) en las PASO, fue uno de los impulsores de un estudio realizado por el Consejo Federal de Inversiones (CFI) que propuso &#8220;coparticipar&#8221; el 25% del &#8216;impuesto al Cheque&#8217; y el 35% del llamado &#8216;impuesto Pa\u00eds&#8217;.<\/p>\n<p>Sin distinci\u00f3n partidaria, esta propuesta del CFI tambi\u00e9n fue tomada como bandera del &#8220;federalismo&#8221; por gobernadores peronistas como Ricardo Quintela (La Rioja) y el anfitri\u00f3n S\u00e1enz, que no dudaron en armar una reuni\u00f3n improvisada la noche anterior al acto en la localidad de G\u00fcemes, donde se firmaron acuerdos energ\u00e9ticos.<\/p>\n<p>En el parque de la residencia gubernamental salte\u00f1a se dieron cita para avanzar con la elaboraci\u00f3n de esa iniciativa los mandatarios de Salta y de La Rioja, el misionero Oscar Herrera Aguad y el propio Massa, donde le presentaron esta propuesta que consist\u00eda inicialmente en una &#8220;distribuci\u00f3n&#8221; de la masa coparticipable del 25% de cada uno de los impuestos mencionados.<\/p>\n<p>Las negociaciones continuaron hasta este domingo y, a pesar de que Massa lo anunci\u00f3 en su discurso en el acto, no estaba cerrada la letra chica porque con ese formato propuesto por los mandatarios se provocaba &#8220;una merma en los ingresos de recursos de la Anses (Administraci\u00f3n Nacional de la Seguridad Social)&#8221;, seg\u00fan advert\u00edan desde Naci\u00f3n.<\/p>\n<p>Una vez de vuelta en la Residencia, almuerzo con empanadas y asado mediante, se lleg\u00f3 al acuerdo final respecto a los n\u00fameros presupuestarios, pero faltaba definir qu\u00e9 metodolog\u00eda se utilizar\u00eda dentro de un marco legal.<\/p>\n<p>All\u00ed apareci\u00f3 la figura de la diputada nacional salte\u00f1a Cintia Pamela Calletti (Frente de Todos) -ministra de Justicia y Fiscal de Estado durante el gobierno de Juan Manuel Urtubey-, quien se encarg\u00f3 de escribir la nota que rubricaron los gobernadores pidiendo formalmente al Ministerio de Econom\u00eda de la Naci\u00f3n que env\u00ede una adenda al Congreso para que se trate junto al Presupuesto 2024.<\/p>\n<p>Una vez que la nota fue consensuada lleg\u00f3 la foto institucional que incluy\u00f3 un momento de preocupaci\u00f3n porque se cay\u00f3 una rama de una palmera muy cerca de donde conversaban Massa y Morales, lo que termin\u00f3 en risas y bromas sobre lo que dialogaban ambos y un posible acuerdo entre UxP con un sector del radicalismo en b\u00fasqueda de sumar parte de los votos obtenidos por Larreta.<\/p>\n<p>En declaraciones a los medios, Massa se\u00f1al\u00f3 al respecto que &#8220;nadie se puede asombrar si un dirigente de otro partido participa de mi Gobierno porque necesitamos un acuerdo program\u00e1tico que incluya a todos los sectores, pero hoy no voy a andar regalando ni ofreciendo cargos como caramelos&#8221;.<\/p>\n<p>En esa l\u00ednea discursiva, sostuvo que &#8220;la pr\u00f3xima coalici\u00f3n de gobierno tiene que ser vertical y no transversal. Si hago un acuerdo con el radicalismo, el representante de ese sector tendr\u00e1 que hacerse cargo&#8221;.<\/p>\n<p>&#8220;Los que queremos gobernar la Argentina tenemos que escucharnos porque nadie se la sabe toda y hay que saber pedir consejos y escuchar, pero luego tener coraje para tomar las decisiones y hacerse responsable&#8221;, agreg\u00f3.<\/p>\n<p>Con menor entusiasmo, el radical Vald\u00e9s deslig\u00f3 este acuerdo como algo pol\u00edtico porque, dijo, &#8220;esto es algo institucional presupuestario para el bien de las provincias y no una cuesti\u00f3n partidaria&#8221;, y remarc\u00f3 que &#8220;esta iniciativa es una promesa para el a\u00f1o que viene y la quita de recursos por IVA y Ganancias ya es una realidad&#8221;.<\/p>\n<p>Sin embargo, el mandatario correntino, en di\u00e1logo con los medios, destac\u00f3 que &#8220;los gobernadores del Norte Grande demostramos que se puede trabajar juntos por el bien de la gente. Ojal\u00e1 alg\u00fan d\u00eda los argentinos comprendan que ese es el camino&#8221;.<\/p>\n<p>De esta manera, Massa obtuvo una foto con nueve gobernadores de diferentes partidos pol\u00edticos. Y ven\u00eda de compartir el s\u00e1bado un acto con el intendente de Rosario, Pablo Javkin, del Frente Progresista C\u00edvico y Social en Juntos por el Cambio.<\/p>\n<p>La foto pol\u00edtica del d\u00eda para Massa fue con los gobernadores Gustavo S\u00e1enz (Salta); Ra\u00fal Jalil (Catamarca), Gerardo Zamora (Santiago del Estero), Gildo Insfr\u00e1n (Formosa), Ricardo Quintela (La Rioja), Gerardo Morales (Jujuy), Oscar Herrera Ahuad (Misiones), Gustavo Vald\u00e9s (Corrientes) y Juan Manzur (Tucum\u00e1n).<\/p>\n","protected":false},"excerpt":{"rendered":"<p>En la vor\u00e1gine de la campa\u00f1a electoral, el ministro de Econom\u00eda y candidato a presidente por Uni\u00f3n por la Patria (UxP) logr\u00f3 materializar su convocatoria a un acuerdo con distintos espacios pol\u00edticos a trav\u00e9s de un acuerdo impulsado por los propios mandatarios del Norte Grande argentino &nbsp; &nbsp; En la vor\u00e1gine de la campa\u00f1a electoral, el ministro de Econom\u00eda y candidato a presidente por Uni\u00f3n por la Patria (UxP), Sergio Massa, logr\u00f3 este domingo materializar su convocatoria a la unidad nacional de distintos espacios pol\u00edticos con un acuerdo impulsado por&#8230;<\/p>\n","protected":false},"author":3,"featured_media":108499,"comment_status":"closed","ping_status":"closed","sticky":false,"template":"","format":"standard","meta":[],"categories":[18],"tags":[],"_links":{"self":[{"href":"https:\/\/www.actualidadadiario.com\/index.php\/wp-json\/wp\/v2\/posts\/108498"}],"collection":[{"href":"https:\/\/www.actualidadadiario.com\/index.php\/wp-json\/wp\/v2\/posts"}],"about":[{"href":"https:\/\/www.actualidadadiario.com\/index.php\/wp-json\/wp\/v2\/types\/post"}],"author":[{"embeddable":true,"href":"https:\/\/www.actualidadadiario.com\/index.php\/wp-json\/wp\/v2\/users\/3"}],"replies":[{"embeddable":true,"href":"https:\/\/www.actualidadadiario.com\/index.php\/wp-json\/wp\/v2\/comments?post=108498"}],"version-history":[{"count":1,"href":"https:\/\/www.actualidadadiario.com\/index.php\/wp-json\/wp\/v2\/posts\/108498\/revisions"}],"predecessor-version":[{"id":108500,"href":"https:\/\/www.actualidadadiario.com\/index.php\/wp-json\/wp\/v2\/posts\/108498\/revisions\/108500"}],"wp:featuredmedia":[{"embeddable":true,"href":"https:\/\/www.actualidadadiario.com\/index.php\/wp-json\/wp\/v2\/media\/108499"}],"wp:attachment":[{"href":"https:\/\/www.actualidadadiario.com\/index.php\/wp-json\/wp\/v2\/media?parent=108498"}],"wp:term":[{"taxonomy":"category","embeddable":true,"href":"https:\/\/www.actualidadadiario.com\/index.php\/wp-json\/wp\/v2\/categories?post=108498"},{"taxonomy":"post_tag","embeddable":true,"href":"https:\/\/www.actualidadadiario.com\/index.php\/wp-json\/wp\/v2\/tags?post=108498"}],"curies":[{"name":"wp","href":"https:\/\/api.w.org\/{rel}","templated":true}]}}