{"id":108496,"date":"2023-09-25T13:16:32","date_gmt":"2023-09-25T16:16:32","guid":{"rendered":"https:\/\/www.actualidadadiario.com\/?p=108496"},"modified":"2023-09-25T13:16:32","modified_gmt":"2023-09-25T16:16:32","slug":"debate-presidencial-2023-cuando-es-y-a-que-hora","status":"publish","type":"post","link":"https:\/\/www.actualidadadiario.com\/index.php\/2023\/09\/25\/debate-presidencial-2023-cuando-es-y-a-que-hora\/","title":{"rendered":"Debate presidencial 2023: cu\u00e1ndo es y a qu\u00e9 hora"},"content":{"rendered":"<p style=\"text-align: center;\"><em><strong>Argentina atraviesa un a\u00f1o electoral y los ciudadanos tendr\u00e1n que elegir el 22 de octubre, luego de las PASO de agosto, al presidente que suceder\u00e1 a Alberto Fern\u00e1ndez y que tomar\u00e1 las riendas del pa\u00eds por los pr\u00f3ximos cuatro a\u00f1os. Pero antes de las Elecciones 2023 generales se llevar\u00e1n a cabo el tradicional debate presidencial<\/strong><\/em><\/p>\n<p>&nbsp;<\/p>\n<p>&nbsp;<\/p>\n<p>&nbsp;<\/p>\n<p>Este debate, que se realiza desde hace algunos a\u00f1os, tendr\u00e1 a los candidatos que superaron las PASO ya tiene lugar y fecha. Conoc\u00e9 cu\u00e1ndo es, qui\u00e9n los transmite y qui\u00e9nes estar\u00e1n cruzando propuestas.<\/p>\n<p>&nbsp;<\/p>\n<p><strong>Cu\u00e1ndo es el debate presidencia 2023<\/strong><\/p>\n<p>Los candidatos expondr\u00e1n sus propuestas con el objetivo de captar m\u00e1s votos de la ciudadan\u00eda el 1\u00ba de octubre en la Universidad Nacional de Santiago del Estero, que utilizar\u00e1 el F\u00f3rum de la capital de dicha provincia. Mientras que, el segundo debate se realizar\u00e1 el 8 de octubre en el Sal\u00f3n de Actos de la Facultad de Derecho de la Universidad de Buenos Aires. En caso de haber segunda vuelta con los dos candidatos m\u00e1s votados, el debate se realizar\u00e1 el 12 de noviembre en la Universidad de Buenos Aires.<\/p>\n<p>&nbsp;<\/p>\n<p><strong>A qu\u00e9 hora ver el debate presidencial 2023<\/strong><\/p>\n<p>De acuerdo a lo que establece la C\u00e1mara Nacional Electoral, ambos debates comenzar\u00e1n a las 21 horas y se transmitir\u00e1 en vivo.<\/p>\n<p>&nbsp;<\/p>\n<p><strong>Qui\u00e9n transmite el debate presidencial 2023<\/strong><\/p>\n<p>El Ministerio de Justicia y Derechos Humanos estipula que los debates presidenciales con los candidatos que superaron las PASO deben ser transmitidos por los medios radiales y televisivos del Estado.<\/p>\n<p>Vale destacar que todos los medios privados que quieran transmitirlo tambi\u00e9n podr\u00e1n hacerlo sin tener que pagar derechos o licencias para reproducirlos.<\/p>\n<p>Para los medios que decidan transmitirlo deber\u00e1n garantizar la accesibilidad y tendr\u00e1n que tener subt\u00edtulos y lenguaje de se\u00f1as, entre otros.<\/p>\n<p>&nbsp;<\/p>\n<p><strong>Qui\u00e9nes participan del debate presidencial 2023<\/strong><\/p>\n<p>Los candidatos que debatir\u00e1n son cinco:<\/p>\n<ul>\n<li>Javier Milei (La Libertad Avanza).<\/li>\n<li>Patricia Bullrich (Juntos por el Cambio).<\/li>\n<li>Sergio Massa (Uni\u00f3n por la Patria).<\/li>\n<li>Juan Schiaretti (Hacemos por Nuestro Pa\u00eds).<\/li>\n<li>Myriam Bregman (Frente de Izquierda y de los Trabajadores Unidad).<\/li>\n<\/ul>\n","protected":false},"excerpt":{"rendered":"<p>Argentina atraviesa un a\u00f1o electoral y los ciudadanos tendr\u00e1n que elegir el 22 de octubre, luego de las PASO de agosto, al presidente que suceder\u00e1 a Alberto Fern\u00e1ndez y que tomar\u00e1 las riendas del pa\u00eds por los pr\u00f3ximos cuatro a\u00f1os. Pero antes de las Elecciones 2023 generales se llevar\u00e1n a cabo el tradicional debate presidencial &nbsp; &nbsp; &nbsp; Este debate, que se realiza desde hace algunos a\u00f1os, tendr\u00e1 a los candidatos que superaron las PASO ya tiene lugar y fecha. Conoc\u00e9 cu\u00e1ndo es, qui\u00e9n los transmite y qui\u00e9nes estar\u00e1n cruzando&#8230;<\/p>\n","protected":false},"author":3,"featured_media":98999,"comment_status":"closed","ping_status":"closed","sticky":false,"template":"","format":"standard","meta":[],"categories":[9],"tags":[],"_links":{"self":[{"href":"https:\/\/www.actualidadadiario.com\/index.php\/wp-json\/wp\/v2\/posts\/108496"}],"collection":[{"href":"https:\/\/www.actualidadadiario.com\/index.php\/wp-json\/wp\/v2\/posts"}],"about":[{"href":"https:\/\/www.actualidadadiario.com\/index.php\/wp-json\/wp\/v2\/types\/post"}],"author":[{"embeddable":true,"href":"https:\/\/www.actualidadadiario.com\/index.php\/wp-json\/wp\/v2\/users\/3"}],"replies":[{"embeddable":true,"href":"https:\/\/www.actualidadadiario.com\/index.php\/wp-json\/wp\/v2\/comments?post=108496"}],"version-history":[{"count":1,"href":"https:\/\/www.actualidadadiario.com\/index.php\/wp-json\/wp\/v2\/posts\/108496\/revisions"}],"predecessor-version":[{"id":108497,"href":"https:\/\/www.actualidadadiario.com\/index.php\/wp-json\/wp\/v2\/posts\/108496\/revisions\/108497"}],"wp:featuredmedia":[{"embeddable":true,"href":"https:\/\/www.actualidadadiario.com\/index.php\/wp-json\/wp\/v2\/media\/98999"}],"wp:attachment":[{"href":"https:\/\/www.actualidadadiario.com\/index.php\/wp-json\/wp\/v2\/media?parent=108496"}],"wp:term":[{"taxonomy":"category","embeddable":true,"href":"https:\/\/www.actualidadadiario.com\/index.php\/wp-json\/wp\/v2\/categories?post=108496"},{"taxonomy":"post_tag","embeddable":true,"href":"https:\/\/www.actualidadadiario.com\/index.php\/wp-json\/wp\/v2\/tags?post=108496"}],"curies":[{"name":"wp","href":"https:\/\/api.w.org\/{rel}","templated":true}]}}