{"id":108493,"date":"2023-09-25T12:49:40","date_gmt":"2023-09-25T15:49:40","guid":{"rendered":"https:\/\/www.actualidadadiario.com\/?p=108493"},"modified":"2023-09-25T13:15:47","modified_gmt":"2023-09-25T16:15:47","slug":"elecciones-2023-como-quedo-el-mapa-electoral-tras-las-elecciones-mendocinas","status":"publish","type":"post","link":"https:\/\/www.actualidadadiario.com\/index.php\/2023\/09\/25\/elecciones-2023-como-quedo-el-mapa-electoral-tras-las-elecciones-mendocinas\/","title":{"rendered":"Elecciones 2023: c\u00f3mo qued\u00f3 el mapa electoral tras las elecciones mendocinas"},"content":{"rendered":"<p style=\"text-align: center;\"><em><strong>Con el triunfo de Juntos por el Cambio en Mendoza, la oposici\u00f3n retiene ya ocho provincias y se mantiene expectante de cara a las elecciones presidenciales del 22 de octubre. C\u00f3mo qued\u00f3, hasta ahora, conformado el mapa electoral<\/strong><\/em><\/p>\n<p>&nbsp;<\/p>\n<p>&nbsp;<\/p>\n<p>Tras el triunfo de Alfredo Cornejo en Mendoza, comienza la expectativa de cara a las elecciones generales del 22 de octubre y c\u00f3mo\u00a0\u00a0 impactar\u00e1 este movimiento en el mapa electoral de las provincias.<\/p>\n<p>La de Cornejo fue otra victoria para Juntos por el Cambio (JxC), que de la mano del radicalismo, retiene el poder en Mendoza y replic\u00f3 lo ocurrido el domingo pasado en Chaco y Santa Fe, de la mano de Leandro Zdero y Maximiliano Pullaro respectivamente.<\/p>\n<p>As\u00ed, ya son 20 las provincias que eligieron a sus gobernadores a partir del pr\u00f3ximo 10 de diciembre, en tanto solo dos no definen este a\u00f1o los cargos para ejecutivo provincial. En los restantes distritos, ya se celebraron las PASO o bien elecciones generales desdobladas de las presidenciales de octubre.<\/p>\n<p>Pese a que las tendencia del principio, donde se vio a los oficialismos locales fortalecidos manteniendo el poder, a partir de abril eso comenz\u00f3 a cambiar con Neuqu\u00e9n, la que podr\u00eda ser la provincia que marc\u00f3 el punto de quiebre en ese sentido. A la vez, JxC sum\u00f3 un total de seis provincias en lo que va del calendario 2023 mientras que Uni\u00f3n por la Patria se qued\u00f3 con otras cinco. En los seis distritos restantes, del total de 17 que ya se pusieron en juego en lo que va del a\u00f1o, triunfaron fuerzas locales.<\/p>\n<p>&nbsp;<\/p>\n<p><strong>Provincia por provincia<\/strong><\/p>\n<p><strong>&#8211; La Rioja<\/strong> eligi\u00f3 a Ricardo Quintela y seguir\u00e1 gobernando el oficialismo de Un\u00f3n por la Patria.<\/p>\n<p>&nbsp;<\/p>\n<p><strong>&#8211; La Pampa<\/strong> con Sergio Ziliotto<\/p>\n<p>&nbsp;<\/p>\n<p><strong>&#8211; Formosa<\/strong> donde volvi\u00f3 a triunfar Gildo Insfr\u00e1n y accedi\u00f3 a su octavo mandato consecutivo.<\/p>\n<p>&nbsp;<\/p>\n<p><strong>&#8211; Tucum\u00e1n<\/strong> con Osvaldo Jaldo<\/p>\n<p>&nbsp;<\/p>\n<p><strong>&#8211; Salta<\/strong> con Gustavo S\u00e1enz<\/p>\n<p>&nbsp;<\/p>\n<p><strong>-Tierra del Fuego<\/strong> con Gustavo Mellela<\/p>\n<p>&nbsp;<\/p>\n<p>En las PASO de Buenos Aires se impuso Axel Kicillof y en Catamarca se impuso Ra\u00fal Jalil, ambos gobernadores que buscan la reelecci\u00f3n<\/p>\n<p>&nbsp;<\/p>\n<p><strong>Mientras que la oposici\u00f3n se abri\u00f3 paso en otras provincias: <\/strong><\/p>\n<p><strong>&#8211; Neuqu\u00e9n<\/strong>, eligi\u00f3 a \u00a0Rolando Figueroa, un exmiembro del Movimiento Popular Neuquino que gobierna desde hace 60 a\u00f1os ese distrito, con Juntos por el Cambio.<\/p>\n<p>&nbsp;<\/p>\n<p><strong>&#8211; San Luis<\/strong>,\u00a0 eligi\u00f3 al exgobernador, Claudio Poggi, que fue parte del peronismo, pero que ahora fue con JxC.<\/p>\n<p>&nbsp;<\/p>\n<p><strong>&#8211; San Juan<\/strong>, tambi\u00e9n se impuso JxC con Marcelo Orrego, quien\u00a0 termin\u00f3 con 20 a\u00f1os de gobiernos del PJ.<\/p>\n<p>&nbsp;<\/p>\n<p><strong>&#8211; Santa Cruz<\/strong> eligi\u00f3 al diputado nacional y secretario general del sindicato petrolero Claudio Vidal de JxC.<\/p>\n<p>&nbsp;<\/p>\n<p><strong>-Chubut<\/strong> con poco margen, design\u00f3 a Ignacio &#8220;Nacho&#8221; Torres tambi\u00e9n de JxC<\/p>\n<p>&nbsp;<\/p>\n<p><strong>-Santa Fe<\/strong> la victoria fue de Maximiliano Pullaro, fiel larretista que luego logr\u00f3 el apoyo de Patrici Bullrich.<\/p>\n<p>&nbsp;<\/p>\n<p><strong>&#8211; Chaco<\/strong> tambi\u00e9n JxC con Leandro Zdero le arrebat\u00f3 el poder provincial al peronismo, que ven\u00eda gobernando la provincia hace 16 a\u00f1os, impidiendo la reelecci\u00f3n del actual gobernador Jorge Capitanich.<\/p>\n<p>&nbsp;<\/p>\n<p>En las primarias de\u00a0 la Ciudad de Buenos Aires se impuso Juntos por el Cambio con la propuesta de Jorge Macri, quedar\u00e1 esperar a las generales.<\/p>\n<p>Las provincias de\u00a0 Santiago del Estero, gobernada por Gerardo Zamora con Uni\u00f3n por la Patria,\u00a0 y de\u00a0 Corrientes,\u00a0 con la gesti\u00f3n de Gustavo Vald\u00e9s de Juntos por el Cambio, reci\u00e9n renovar\u00e1n en 2025\u00a0 su mandatos provinciales.<\/p>\n","protected":false},"excerpt":{"rendered":"<p>Con el triunfo de Juntos por el Cambio en Mendoza, la oposici\u00f3n retiene ya ocho provincias y se mantiene expectante de cara a las elecciones presidenciales del 22 de octubre. C\u00f3mo qued\u00f3, hasta ahora, conformado el mapa electoral &nbsp; &nbsp; Tras el triunfo de Alfredo Cornejo en Mendoza, comienza la expectativa de cara a las elecciones generales del 22 de octubre y c\u00f3mo\u00a0\u00a0 impactar\u00e1 este movimiento en el mapa electoral de las provincias. La de Cornejo fue otra victoria para Juntos por el Cambio (JxC), que de la mano del&#8230;<\/p>\n","protected":false},"author":3,"featured_media":42953,"comment_status":"closed","ping_status":"closed","sticky":false,"template":"","format":"standard","meta":[],"categories":[9],"tags":[],"_links":{"self":[{"href":"https:\/\/www.actualidadadiario.com\/index.php\/wp-json\/wp\/v2\/posts\/108493"}],"collection":[{"href":"https:\/\/www.actualidadadiario.com\/index.php\/wp-json\/wp\/v2\/posts"}],"about":[{"href":"https:\/\/www.actualidadadiario.com\/index.php\/wp-json\/wp\/v2\/types\/post"}],"author":[{"embeddable":true,"href":"https:\/\/www.actualidadadiario.com\/index.php\/wp-json\/wp\/v2\/users\/3"}],"replies":[{"embeddable":true,"href":"https:\/\/www.actualidadadiario.com\/index.php\/wp-json\/wp\/v2\/comments?post=108493"}],"version-history":[{"count":2,"href":"https:\/\/www.actualidadadiario.com\/index.php\/wp-json\/wp\/v2\/posts\/108493\/revisions"}],"predecessor-version":[{"id":108495,"href":"https:\/\/www.actualidadadiario.com\/index.php\/wp-json\/wp\/v2\/posts\/108493\/revisions\/108495"}],"wp:featuredmedia":[{"embeddable":true,"href":"https:\/\/www.actualidadadiario.com\/index.php\/wp-json\/wp\/v2\/media\/42953"}],"wp:attachment":[{"href":"https:\/\/www.actualidadadiario.com\/index.php\/wp-json\/wp\/v2\/media?parent=108493"}],"wp:term":[{"taxonomy":"category","embeddable":true,"href":"https:\/\/www.actualidadadiario.com\/index.php\/wp-json\/wp\/v2\/categories?post=108493"},{"taxonomy":"post_tag","embeddable":true,"href":"https:\/\/www.actualidadadiario.com\/index.php\/wp-json\/wp\/v2\/tags?post=108493"}],"curies":[{"name":"wp","href":"https:\/\/api.w.org\/{rel}","templated":true}]}}