{"id":108482,"date":"2023-09-25T12:45:05","date_gmt":"2023-09-25T15:45:05","guid":{"rendered":"https:\/\/www.actualidadadiario.com\/?p=108482"},"modified":"2023-09-25T12:45:21","modified_gmt":"2023-09-25T15:45:21","slug":"mujeres-y-diversidades-marcharan-por-sus-derechos-y-contra-las-derechas-en-todo-el-pais","status":"publish","type":"post","link":"https:\/\/www.actualidadadiario.com\/index.php\/2023\/09\/25\/mujeres-y-diversidades-marcharan-por-sus-derechos-y-contra-las-derechas-en-todo-el-pais\/","title":{"rendered":"Mujeres y diversidades marchar\u00e1n por sus derechos y contra las derechas en todo el pa\u00eds"},"content":{"rendered":"<p style=\"text-align: center;\"><em><strong>La movilizaci\u00f3n que se prev\u00e9 multitudinaria est\u00e1 convocada el pr\u00f3ximo jueves 28 de septiembre (28S) desde Plaza de Mayo hasta el Congreso, con r\u00e9plicas en las provincias<\/strong><\/em><\/p>\n<p>&nbsp;<\/p>\n<p>&nbsp;<\/p>\n<p>Mujeres, diversidades, activistas independientes y organizadas saldr\u00e1n a las calles el pr\u00f3ximo jueves 28 de septiembre (28S) para participar de una movilizaci\u00f3n con foco en la Ciudad de Buenos Aires y r\u00e9plicas a lo largo del pa\u00eds &#8220;por el aborto seguro y gratuito, por la ESI y por vidas dignas&#8221;, &#8220;contra las derechas, el ajuste y el Fondo Monetario Internacional (FMI)&#8221;, y bajo el grito &#8220;la libertad es nuestra&#8221;.<\/p>\n<p>&#8220;Tenemos un punto de acuerdo y es que la posibilidad de que la derecha o la ultraderecha gobierne este pa\u00eds significar\u00eda la p\u00e9rdida de much\u00edsimos derechos y un empeoramiento de la vida de much\u00edsimas mujeres, lesbianas, travestis y trans de nuestro pa\u00eds&#8221;, comparti\u00f3 Luci Cavallero, integrante del colectivo Ni Una Menos.<\/p>\n<p>La movilizaci\u00f3n que se prev\u00e9 multitudinaria est\u00e1 convocada para las 16 desde Plaza de Mayo hasta el Congreso, con r\u00e9plicas en las provincias.<\/p>\n<p>&#8220;Los reclamos tienen que ver por supuesto con la defensa de derechos muy importantes para el movimiento feminista como el acceso al aborto, pero tambi\u00e9n la educaci\u00f3n sexual integral, la escuela p\u00fablica, las jubilaciones y las moratorias&#8221;, indic\u00f3 Cavallero.<\/p>\n<p>Adem\u00e1s, por &#8220;una agenda pendiente&#8221;, como &#8220;el reconocimiento del trabajo no remunerado, la Ley de cuidados, el reconocimiento del trabajo comunitario, por mayor presupuesto para atender a las violencias y el acceso a la vivienda&#8221;.<\/p>\n<p>En este sentido, durante las \u00faltimas semanas se difundieron carteles en las redes sociales y las calles con frases como &#8220;Libertad es que tu vieja haya podido jubilarse&#8221; o &#8220;Libertad es que el 80% de las infancias que sufrieron abusos pudieron contarlo gracias a la ESI&#8221;.<\/p>\n<p>Desde la organizaci\u00f3n Cat\u00f3licas por el Derecho a Decidir sumar\u00e1n sus voces a las convocatorias que se gestaron en las provincias e invitan &#8220;a todas las que nos encontramos en las calles en el 2018 y en el 2020 a volver a mostrar su pa\u00f1uelo, volver a reconocernos en las calles, de donde nunca nos fuimos&#8221;.<\/p>\n<p>Para este colectivo, &#8220;los feminismos han sido un pilar fundamental para la democracia argentina&#8221; por ser &#8220;un movimiento plural, federal y participativo, que consolid\u00f3 herramientas jur\u00eddicas para ampliar derechos a la sociedad y para reducir las brechas de desigualdades&#8221;.<\/p>\n<p>Sin embargo, advirtieron que &#8220;los sectores concentrados de poder, conscientes de la potencia de los movimientos populares, han coordinado estrategias con el poder judicial, los medios de comunicaci\u00f3n monop\u00f3licos y los capitales financieros para vaciar de contenido el discurso de los Derechos humanos y estigmatizar el activismo social en general y a los feminismos&#8221;.<\/p>\n<p>&#8220;Necesitamos recuperar la calle, volver a sentir que somos esa marea que supo disputar sentidos en las calles en relaci\u00f3n a la despenalizaci\u00f3n del aborto. Este 28S marcho porque soy feminista, argentina y porque estoy muy preocupada ante el panorama social y pol\u00edtico. Marcho porque tengo historia y porque no queremos retroceder ni un solo paso&#8221;, expres\u00f3.<\/p>\n","protected":false},"excerpt":{"rendered":"<p>La movilizaci\u00f3n que se prev\u00e9 multitudinaria est\u00e1 convocada el pr\u00f3ximo jueves 28 de septiembre (28S) desde Plaza de Mayo hasta el Congreso, con r\u00e9plicas en las provincias &nbsp; &nbsp; Mujeres, diversidades, activistas independientes y organizadas saldr\u00e1n a las calles el pr\u00f3ximo jueves 28 de septiembre (28S) para participar de una movilizaci\u00f3n con foco en la Ciudad de Buenos Aires y r\u00e9plicas a lo largo del pa\u00eds &#8220;por el aborto seguro y gratuito, por la ESI y por vidas dignas&#8221;, &#8220;contra las derechas, el ajuste y el Fondo Monetario Internacional (FMI)&#8221;,&#8230;<\/p>\n","protected":false},"author":3,"featured_media":108483,"comment_status":"closed","ping_status":"closed","sticky":false,"template":"","format":"standard","meta":[],"categories":[2],"tags":[],"_links":{"self":[{"href":"https:\/\/www.actualidadadiario.com\/index.php\/wp-json\/wp\/v2\/posts\/108482"}],"collection":[{"href":"https:\/\/www.actualidadadiario.com\/index.php\/wp-json\/wp\/v2\/posts"}],"about":[{"href":"https:\/\/www.actualidadadiario.com\/index.php\/wp-json\/wp\/v2\/types\/post"}],"author":[{"embeddable":true,"href":"https:\/\/www.actualidadadiario.com\/index.php\/wp-json\/wp\/v2\/users\/3"}],"replies":[{"embeddable":true,"href":"https:\/\/www.actualidadadiario.com\/index.php\/wp-json\/wp\/v2\/comments?post=108482"}],"version-history":[{"count":2,"href":"https:\/\/www.actualidadadiario.com\/index.php\/wp-json\/wp\/v2\/posts\/108482\/revisions"}],"predecessor-version":[{"id":108485,"href":"https:\/\/www.actualidadadiario.com\/index.php\/wp-json\/wp\/v2\/posts\/108482\/revisions\/108485"}],"wp:featuredmedia":[{"embeddable":true,"href":"https:\/\/www.actualidadadiario.com\/index.php\/wp-json\/wp\/v2\/media\/108483"}],"wp:attachment":[{"href":"https:\/\/www.actualidadadiario.com\/index.php\/wp-json\/wp\/v2\/media?parent=108482"}],"wp:term":[{"taxonomy":"category","embeddable":true,"href":"https:\/\/www.actualidadadiario.com\/index.php\/wp-json\/wp\/v2\/categories?post=108482"},{"taxonomy":"post_tag","embeddable":true,"href":"https:\/\/www.actualidadadiario.com\/index.php\/wp-json\/wp\/v2\/tags?post=108482"}],"curies":[{"name":"wp","href":"https:\/\/api.w.org\/{rel}","templated":true}]}}