{"id":108470,"date":"2023-09-25T11:42:15","date_gmt":"2023-09-25T14:42:15","guid":{"rendered":"https:\/\/www.actualidadadiario.com\/?p=108470"},"modified":"2023-09-25T11:42:15","modified_gmt":"2023-09-25T14:42:15","slug":"fin-de-semana-largo-en-entre-rios","status":"publish","type":"post","link":"https:\/\/www.actualidadadiario.com\/index.php\/2023\/09\/25\/fin-de-semana-largo-en-entre-rios\/","title":{"rendered":"Fin de semana largo en Entre R\u00edos"},"content":{"rendered":"<p style=\"text-align: center;\"><em><strong>Este viernes 29 de septiembre los habitantes de la provincia de Entre R\u00edos tendr\u00e1n un feriado extraordinario por fuera del calendario nacional, ya que se conmemora el D\u00eda de San Miguel Arc\u00e1ngel<\/strong><\/em><\/p>\n<p>&nbsp;<\/p>\n<p>&nbsp;<\/p>\n<p>El gobierno entrerriano decret\u00f3 que el 29 de septiembre sea feriado para conmemorar a San Miguel Arc\u00e1ngel, santo patrono de la provincia, para la administraci\u00f3n p\u00fablica provincial y municipal, &#8220;siendo optativo para el comercio y la industria&#8221;.<\/p>\n<p>En 1825 San Miguel Arc\u00e1ngel fue elegido santo provincial, y desde 1993 se estableci\u00f3 la fecha como feriado en la provincia para facilitar la concurrencia de los fieles a los distintos actos para celebrarlo.<\/p>\n<p>El Arc\u00e1ngel Miguel es considerado por los cristianos el protector de la Iglesia, y abogado del pueblo elegido de Dios. La Iglesia Cat\u00f3lica lo considera como patrono y protector de la Iglesia universal.<\/p>\n","protected":false},"excerpt":{"rendered":"<p>Este viernes 29 de septiembre los habitantes de la provincia de Entre R\u00edos tendr\u00e1n un feriado extraordinario por fuera del calendario nacional, ya que se conmemora el D\u00eda de San Miguel Arc\u00e1ngel &nbsp; &nbsp; El gobierno entrerriano decret\u00f3 que el 29 de septiembre sea feriado para conmemorar a San Miguel Arc\u00e1ngel, santo patrono de la provincia, para la administraci\u00f3n p\u00fablica provincial y municipal, &#8220;siendo optativo para el comercio y la industria&#8221;. En 1825 San Miguel Arc\u00e1ngel fue elegido santo provincial, y desde 1993 se estableci\u00f3 la fecha como feriado en&#8230;<\/p>\n","protected":false},"author":3,"featured_media":108471,"comment_status":"closed","ping_status":"closed","sticky":false,"template":"","format":"standard","meta":[],"categories":[9,15],"tags":[],"_links":{"self":[{"href":"https:\/\/www.actualidadadiario.com\/index.php\/wp-json\/wp\/v2\/posts\/108470"}],"collection":[{"href":"https:\/\/www.actualidadadiario.com\/index.php\/wp-json\/wp\/v2\/posts"}],"about":[{"href":"https:\/\/www.actualidadadiario.com\/index.php\/wp-json\/wp\/v2\/types\/post"}],"author":[{"embeddable":true,"href":"https:\/\/www.actualidadadiario.com\/index.php\/wp-json\/wp\/v2\/users\/3"}],"replies":[{"embeddable":true,"href":"https:\/\/www.actualidadadiario.com\/index.php\/wp-json\/wp\/v2\/comments?post=108470"}],"version-history":[{"count":1,"href":"https:\/\/www.actualidadadiario.com\/index.php\/wp-json\/wp\/v2\/posts\/108470\/revisions"}],"predecessor-version":[{"id":108472,"href":"https:\/\/www.actualidadadiario.com\/index.php\/wp-json\/wp\/v2\/posts\/108470\/revisions\/108472"}],"wp:featuredmedia":[{"embeddable":true,"href":"https:\/\/www.actualidadadiario.com\/index.php\/wp-json\/wp\/v2\/media\/108471"}],"wp:attachment":[{"href":"https:\/\/www.actualidadadiario.com\/index.php\/wp-json\/wp\/v2\/media?parent=108470"}],"wp:term":[{"taxonomy":"category","embeddable":true,"href":"https:\/\/www.actualidadadiario.com\/index.php\/wp-json\/wp\/v2\/categories?post=108470"},{"taxonomy":"post_tag","embeddable":true,"href":"https:\/\/www.actualidadadiario.com\/index.php\/wp-json\/wp\/v2\/tags?post=108470"}],"curies":[{"name":"wp","href":"https:\/\/api.w.org\/{rel}","templated":true}]}}