{"id":10847,"date":"2017-05-02T09:46:06","date_gmt":"2017-05-02T12:46:06","guid":{"rendered":"http:\/\/actualidadadiario.com\/site\/?p=10847"},"modified":"2017-05-02T09:46:06","modified_gmt":"2017-05-02T12:46:06","slug":"las-cta-llamaron-a-la-segunda-marcha-federal-para-el-20-de-junio","status":"publish","type":"post","link":"https:\/\/www.actualidadadiario.com\/index.php\/2017\/05\/02\/las-cta-llamaron-a-la-segunda-marcha-federal-para-el-20-de-junio\/","title":{"rendered":"Las CTA llamaron a la segunda marcha federal para el 20 de junio"},"content":{"rendered":"<p><em><strong>Las centrales sindicales conducidas por Micheli y Yasky convocaron a un acto conjunto en la Plaza de los Dos Congresos, con fuertes cr\u00edticas al gobierno de Macri y a medios de comunicaci\u00f3n<\/strong><\/em><\/p>\n<p>&nbsp;<\/p>\n<p>&nbsp;<\/p>\n<p>\u201cEste Gobierno no tiene decencia\u201d, afirm\u00f3 Hugo Yasky en el discurso de cierre del acto convocado por las dos CTA en Plaza Congreso, la que conducen el propio Yasky y Pablo Micheli, para conmemorar el D\u00eda Internacional de los Trabajadores.<\/p>\n<p>&nbsp;<\/p>\n<p>&#8220;Este Primero de Mayo es un d\u00eda de lucha: para demandar paritarias libres, para decirle a este Gobierno de la clase dominante, empresaria, que los trabajadores vamos a defender los convenios colectivos, el salario digno, que eso no se entrega, que nadie est\u00e1 de rodillas, que no hay bandera blanca, que esta batalla va a continuar&#8221;, dijo Yasky en el discurso de cierre.<\/p>\n<p>&nbsp;<\/p>\n<p>\u201cLos trabajadores tenemos que imponer las reglas de juego\u201d, anunci\u00f3 desde un escenario colmado por dirigentes gremiales, y plante\u00f3 que \u201ces necesario recuperar las calles\u201d, por lo cual llam\u00f3 \u201ca la segunda marcha federal para el 20 de junio a Plaza de Mayo\u201d.<\/p>\n<p>&nbsp;<\/p>\n<p>Luego de se\u00f1alar \u201cel Gobierno est\u00e1 enfrascado en una campa\u00f1a electoral\u201d, tambi\u00e9n critic\u00f3 a \u201calgunos programas de algunos medios de comunicaci\u00f3n que se dedican sistem\u00e1ticamente a embarrar a lo m\u00e1s puro que tiene el movimiento sindical en la Argentina\u201d.<\/p>\n<p>&nbsp;<\/p>\n<p>Yasky record\u00f3 el paro \u201ccontundente\u201d del 6 de abril pasado, cuya trascendencia \u201cqueda fuera de discusi\u00f3n\u201d, y dijo que \u201cen nuestro horizonte hay otro paro general\u201d sobre la base de \u201cla unidad de todos los sectores\u201d.<\/p>\n<p>&nbsp;<\/p>\n<p>Previo al acto, Yasky expresaba que las centrales gremiales rechazan &#8220;la pol\u00edtica de cercenamiento de los derechos laborales y los despidos y suspensiones, en un contexto econ\u00f3mico cada vez m\u00e1s deprimido y recesivo y con inflaci\u00f3n&#8221;<\/p>\n<p>&nbsp;<\/p>\n<p>Micheli, por su parte, planteaba su defensa de &#8220;paritarias libres, sin techos ni imposiciones&#8221;, y en conjunto exig\u00edan &#8220;el cese de la represi\u00f3n contra los trabajadores&#8221;, denunciando &#8220;la criminalizaci\u00f3n de la protesta social a partir de la presencia e irrupci\u00f3n policial&#8221;.<\/p>\n","protected":false},"excerpt":{"rendered":"<p>Las centrales sindicales conducidas por Micheli y Yasky convocaron a un acto conjunto en la Plaza de los Dos Congresos, con fuertes cr\u00edticas al gobierno de Macri y a medios de comunicaci\u00f3n &nbsp; &nbsp; \u201cEste Gobierno no tiene decencia\u201d, afirm\u00f3 Hugo Yasky en el discurso de cierre del acto convocado por las dos CTA en Plaza Congreso, la que conducen el propio Yasky y Pablo Micheli, para conmemorar el D\u00eda Internacional de los Trabajadores. &nbsp; &#8220;Este Primero de Mayo es un d\u00eda de lucha: para demandar paritarias libres, para decirle&#8230;<\/p>\n","protected":false},"author":3,"featured_media":10848,"comment_status":"closed","ping_status":"closed","sticky":false,"template":"","format":"standard","meta":[],"categories":[18],"tags":[],"_links":{"self":[{"href":"https:\/\/www.actualidadadiario.com\/index.php\/wp-json\/wp\/v2\/posts\/10847"}],"collection":[{"href":"https:\/\/www.actualidadadiario.com\/index.php\/wp-json\/wp\/v2\/posts"}],"about":[{"href":"https:\/\/www.actualidadadiario.com\/index.php\/wp-json\/wp\/v2\/types\/post"}],"author":[{"embeddable":true,"href":"https:\/\/www.actualidadadiario.com\/index.php\/wp-json\/wp\/v2\/users\/3"}],"replies":[{"embeddable":true,"href":"https:\/\/www.actualidadadiario.com\/index.php\/wp-json\/wp\/v2\/comments?post=10847"}],"version-history":[{"count":1,"href":"https:\/\/www.actualidadadiario.com\/index.php\/wp-json\/wp\/v2\/posts\/10847\/revisions"}],"predecessor-version":[{"id":10849,"href":"https:\/\/www.actualidadadiario.com\/index.php\/wp-json\/wp\/v2\/posts\/10847\/revisions\/10849"}],"wp:featuredmedia":[{"embeddable":true,"href":"https:\/\/www.actualidadadiario.com\/index.php\/wp-json\/wp\/v2\/media\/10848"}],"wp:attachment":[{"href":"https:\/\/www.actualidadadiario.com\/index.php\/wp-json\/wp\/v2\/media?parent=10847"}],"wp:term":[{"taxonomy":"category","embeddable":true,"href":"https:\/\/www.actualidadadiario.com\/index.php\/wp-json\/wp\/v2\/categories?post=10847"},{"taxonomy":"post_tag","embeddable":true,"href":"https:\/\/www.actualidadadiario.com\/index.php\/wp-json\/wp\/v2\/tags?post=10847"}],"curies":[{"name":"wp","href":"https:\/\/api.w.org\/{rel}","templated":true}]}}