{"id":108464,"date":"2023-09-25T11:40:31","date_gmt":"2023-09-25T14:40:31","guid":{"rendered":"https:\/\/www.actualidadadiario.com\/?p=108464"},"modified":"2023-09-25T11:40:31","modified_gmt":"2023-09-25T14:40:31","slug":"la-diputada-cora-apunto-contra-bullrich-y-le-recordo-que-en-parana-los-narcos-usaban-camiones-municipales","status":"publish","type":"post","link":"https:\/\/www.actualidadadiario.com\/index.php\/2023\/09\/25\/la-diputada-cora-apunto-contra-bullrich-y-le-recordo-que-en-parana-los-narcos-usaban-camiones-municipales\/","title":{"rendered":"La diputada Cora apunt\u00f3 contra Bullrich y le record\u00f3 que \u201cen Paran\u00e1 los narcos usaban camiones municipales\u201d"},"content":{"rendered":"<p style=\"text-align: center;\"><em><strong>La diputada provincial Stefan\u00eda Cora sali\u00f3 al cruce de un spot de campa\u00f1a de Patricia Bullrich en el que anunci\u00f3 que construir\u00e1 una c\u00e1rcel destinada a \u201cnarcos, corruptos y asesinos\u201d. La legisladora le record\u00f3: \u201cEn Paran\u00e1 los narcos usaban los camiones de la municipalidad en el gobierno de Cambiemos en el que era concejal Emanuel Gainza\u201d<\/strong><\/em><\/p>\n<p>&nbsp;<\/p>\n<p>&nbsp;<\/p>\n<p>La candidata a Presidenta por Juntos por el Cambio, Patricia Bullrich, public\u00f3 un nuevo spot de campa\u00f1a donde afirma que si gana las elecciones construir\u00e1 una c\u00e1rcel de m\u00e1xima seguridad para &#8220;narcos, corruptos y asesinos&#8221;.<\/p>\n<p>En el final del video, asegura que la llamar\u00e1 &#8220;Unidad Penal Dra. Cristina Fern\u00e1ndez de Kirchner&#8221;.<\/p>\n<p>La diputada provincial Stefan\u00eda Cora (PJ), se refiri\u00f3 al spot y sostuvo: \u201cEn Paran\u00e1 los narcos usaban los camiones de la municipalidad en el gobierno de Cambiemos en el que era concejal Emanuel Gainza\u201d (candidato a Intendente por Juntos por Entre R\u00edos.<\/p>\n<p>Y continu\u00f3: \u201cSigan mintiendo y atacando sin propuestas, nos vemos en Octubre\u201d.<\/p>\n","protected":false},"excerpt":{"rendered":"<p>La diputada provincial Stefan\u00eda Cora sali\u00f3 al cruce de un spot de campa\u00f1a de Patricia Bullrich en el que anunci\u00f3 que construir\u00e1 una c\u00e1rcel destinada a \u201cnarcos, corruptos y asesinos\u201d. La legisladora le record\u00f3: \u201cEn Paran\u00e1 los narcos usaban los camiones de la municipalidad en el gobierno de Cambiemos en el que era concejal Emanuel Gainza\u201d &nbsp; &nbsp; La candidata a Presidenta por Juntos por el Cambio, Patricia Bullrich, public\u00f3 un nuevo spot de campa\u00f1a donde afirma que si gana las elecciones construir\u00e1 una c\u00e1rcel de m\u00e1xima seguridad para &#8220;narcos,&#8230;<\/p>\n","protected":false},"author":3,"featured_media":108465,"comment_status":"closed","ping_status":"closed","sticky":false,"template":"","format":"standard","meta":[],"categories":[15],"tags":[],"_links":{"self":[{"href":"https:\/\/www.actualidadadiario.com\/index.php\/wp-json\/wp\/v2\/posts\/108464"}],"collection":[{"href":"https:\/\/www.actualidadadiario.com\/index.php\/wp-json\/wp\/v2\/posts"}],"about":[{"href":"https:\/\/www.actualidadadiario.com\/index.php\/wp-json\/wp\/v2\/types\/post"}],"author":[{"embeddable":true,"href":"https:\/\/www.actualidadadiario.com\/index.php\/wp-json\/wp\/v2\/users\/3"}],"replies":[{"embeddable":true,"href":"https:\/\/www.actualidadadiario.com\/index.php\/wp-json\/wp\/v2\/comments?post=108464"}],"version-history":[{"count":1,"href":"https:\/\/www.actualidadadiario.com\/index.php\/wp-json\/wp\/v2\/posts\/108464\/revisions"}],"predecessor-version":[{"id":108466,"href":"https:\/\/www.actualidadadiario.com\/index.php\/wp-json\/wp\/v2\/posts\/108464\/revisions\/108466"}],"wp:featuredmedia":[{"embeddable":true,"href":"https:\/\/www.actualidadadiario.com\/index.php\/wp-json\/wp\/v2\/media\/108465"}],"wp:attachment":[{"href":"https:\/\/www.actualidadadiario.com\/index.php\/wp-json\/wp\/v2\/media?parent=108464"}],"wp:term":[{"taxonomy":"category","embeddable":true,"href":"https:\/\/www.actualidadadiario.com\/index.php\/wp-json\/wp\/v2\/categories?post=108464"},{"taxonomy":"post_tag","embeddable":true,"href":"https:\/\/www.actualidadadiario.com\/index.php\/wp-json\/wp\/v2\/tags?post=108464"}],"curies":[{"name":"wp","href":"https:\/\/api.w.org\/{rel}","templated":true}]}}