{"id":108452,"date":"2023-09-22T13:48:34","date_gmt":"2023-09-22T16:48:34","guid":{"rendered":"https:\/\/www.actualidadadiario.com\/?p=108452"},"modified":"2023-09-22T13:48:34","modified_gmt":"2023-09-22T16:48:34","slug":"en-su-primer-discurso-en-marsella-francisco-pidio-a-la-iglesia-abrirse-a-los-migrantes","status":"publish","type":"post","link":"https:\/\/www.actualidadadiario.com\/index.php\/2023\/09\/22\/en-su-primer-discurso-en-marsella-francisco-pidio-a-la-iglesia-abrirse-a-los-migrantes\/","title":{"rendered":"En su primer discurso en Marsella, Francisco pidi\u00f3 a la Iglesia abrirse a los migrantes"},"content":{"rendered":"<p style=\"text-align: center;\"><em><strong>El Papa habl\u00f3 durante el vuelo a la ciudad francesa, a la que lleg\u00f3 para una visita que se centrar\u00e1 en las personas que buscan llegar a Europa por el Mediterr\u00e1neo<\/strong><\/em><\/p>\n<p>&nbsp;<\/p>\n<p>&nbsp;<\/p>\n<p>El papa Francisco pidi\u00f3 este viernes a la Iglesia de Marsella que se abra a los migrantes, al dar su primer discurso en la ciudad del sur de Francia, a la que arrib\u00f3 para una visita de dos d\u00edas centrada en la situaci\u00f3n de las personas que buscan llegar a Europa a trav\u00e9s de la ruta mar\u00edtima del Mediterr\u00e1neo.<\/p>\n<p>&#8220;Abramos las puertas de las iglesias y las casas parroquiales, pero sobre todo las del coraz\u00f3n, para mostrar el rostro de Nuestro Se\u00f1or a trav\u00e9s de nuestra mansedumbre, amabilidad y hospitalidad&#8221;, plante\u00f3 el pont\u00edfice al encabezar una oraci\u00f3n mariana con el clero diocesano en la Bas\u00edlica Notre Dame de la Garde.<\/p>\n<p>&#8220;Que cualquiera que se les acerque no encuentre distancias y juicios, sino el testimonio de una humilde alegr\u00eda, m\u00e1s fruct\u00edfera que cualquier capacidad ostentosa&#8221;, agreg\u00f3 el pont\u00edfice de cara a los sacerdotes locales en una ciudad a la que defini\u00f3 antes de llegar como una &#8220;ventana&#8221; al Mediterr\u00e1neo.<\/p>\n<p>En su mensaje a los religiosos, Francisco dese\u00f3 adem\u00e1s &#8220;que los heridos de la vida encuentren un puerto seguro en su mirada, un aliento en su abrazo, una caricia en sus manos, capaces de enjugar l\u00e1grimas&#8221;.<\/p>\n<p>En su viaje 44 fuera de Italia como Papa, Jorge Bergoglio lleg\u00f3 este viernes a Marsella para una visita de dos d\u00edas en la que centrar\u00e1 sus mensajes en la situaci\u00f3n inmigratoria en el Mediterr\u00e1neo, adem\u00e1s de mantener un encuentro con el presidente franc\u00e9s, Emmanuel Macron, el s\u00e1bado a la ma\u00f1ana.<\/p>\n<p>&nbsp;<\/p>\n<p><strong>La situaci\u00f3n en Lampedusa es &#8220;una crueldad&#8221;<\/strong><\/p>\n<p>El papa Francisco record\u00f3 a los latinoamericanos que buscan emigrar a Estados Unidos y calific\u00f3 como &#8220;una crueldad&#8221; la situaci\u00f3n actual en la isla de Lampedusa a causa de la sobrepoblaci\u00f3n migratoria, al hablar durante el vuelo a Marsella, ciudad francesa a la que lleg\u00f3 este viernes para una visita de dos d\u00edas que se centrar\u00e1 en las personas que buscan llegar a Europa por el Mediterr\u00e1neo.<\/p>\n<p>&#8220;Espero tener la valent\u00eda de decir todo lo que quiero&#8221;, dijo el pont\u00edfice a los periodistas que lo acompa\u00f1aron en el vuelo desde Roma, con el que aterriz\u00f3 a las 16.02 horas locales (11.02 de Argentina) en la ciudad puerto del sur franc\u00e9s.<\/p>\n<p>&#8220;Creo que s\u00ed&#8221;, dijo el Papa al dialogar con los medios cuando fue consultado si cre\u00eda que el viaje de este fin de semana har\u00e1 historia como el que hizo en 2013 a Lampedusa, la isla ya entonces s\u00edmbolo de la migraci\u00f3n.<\/p>\n<p>En ese marco, el Papa calific\u00f3 como &#8220;una crueldad, una terrible falta de humanidad&#8221; la situaci\u00f3n en Lampedusa, donde se han aglomerado miles de migrantes llegados en las \u00faltimas semanas que no encuentran sitio en otros pa\u00edses de Europa.<\/p>\n<p>Por la gravedad de la situaci\u00f3n, la presidenta de la Comisi\u00f3n Europea, \u00darsula von der Leyen, visit\u00f3 la isla la semana pasada y prometi\u00f3 una &#8220;respuesta com\u00fan&#8221; del bloque regional, como pide el Gobierno italiano con apoyo del Papa.<\/p>\n<p>Durante el di\u00e1logo con los medios que volaron en el avi\u00f3n de Ita, el Papa volvi\u00f3 adem\u00e1s a denunciar los &#8220;campos de concentraci\u00f3n&#8221; de Libia. &#8220;Tienen ah\u00ed a las personas y luego las tiran al mar&#8221;, sostuvo.<\/p>\n<p>En el vuelo, el Papa record\u00f3 adem\u00e1s a los migrantes latinoamericanos que buscan cruzar a Estados Unidos y resalt\u00f3 la figura del obispo de El Paso, Mark Seitz, a quien calific\u00f3 como &#8220;un genio&#8221; por su tarea.<\/p>\n<p>&#8220;Me acuerdo una misa que hice en una frontera de un pa\u00eds latinoamericano en donde hab\u00eda tantos zapatos de personas que los hab\u00edan perdido buscando cruzar&#8221;, plante\u00f3 el Papa, en una posible referencia a una celebraci\u00f3n en Ciudad Ju\u00e1rez, frente a Estados Unidos, en 2016.<\/p>\n<p>&nbsp;<\/p>\n<p><strong>Los detalles de la visita a Marsella<\/strong><\/p>\n<p>Francisco realizar\u00e1 desde este viernes una visita de dos d\u00edas en el que pedir\u00e1 a los pa\u00edses de Europa que tengan una &#8220;responsabilidad com\u00fan&#8221; frente a la llegada migrantes por la v\u00eda del Mediterr\u00e1neo, en medio de los cruces entre Italia y otros pa\u00edses por las cuotas de personas acogidas.<\/p>\n<p>&#8220;Es necesario que Europa encuentre cuanto antes un consenso sobre el Nuevo Pacto sobre Migraci\u00f3n y Asilo. Todos los pa\u00edses europeos deben asumir juntos la responsabilidad de la situaci\u00f3n en el Mediterr\u00e1neo&#8221;, plante\u00f3 antes del viaje el &#8220;n\u00famero dos&#8221; del Vaticano, el secretario de Estado Pietro Parolin, al dar las principales l\u00edneas de la visita.<\/p>\n<p>En lo que el Papa ha considerado &#8220;una visita a Marsella y no a Francia&#8221;, similar al viaje que hizo a Estrasburgo en 2014 para hablar en el Parlamento Europeo, el pont\u00edfice iniciar\u00e1 su agenda con un encuentro con el clero local y luego participar\u00e1 de una reuni\u00f3n interreligiosa que funcionar\u00e1 como homenaje a los muertos en el Mediterr\u00e1neo.<\/p>\n<p>Francisco, que en julio de 2013 hizo su primer viaje fuera de Roma como Papa a la isla italiana de Lampesuda para visibilizar a la cuesti\u00f3n migratoria a los cuatro meses de haber sido elegido, buscar\u00e1 volver llamar la atenci\u00f3n de toda Europa para que se adopten medidas unificadas y comunes frente al salvataje de personas en el Mediterr\u00e1neo y de su acogida en el continente, adelantaron fuentes vaticanas.<\/p>\n<p>El a\u00f1o pasado, el pont\u00edfice hab\u00eda reclamado que Europa &#8220;no deje solos&#8221; a los cuatro pa\u00edses que reciben m\u00e1s personas, Italia, Espa\u00f1a, Grecia y Chipre y que se cumplan las cuotas de reparto de migrantes. El pedido de Francisco es compartido especialmente por Italia, que denuncia que pa\u00edses del norte cierran sus fronteras y la obligan a gestionar a todas las personas llegadas por el Mediterr\u00e1neo, especialmente en el caso de Francia en la zona de Ventimigila y Austria en la regi\u00f3n alpina del Brennero.<\/p>\n<p>Esta semana, el sitio de noticias oficiales del Vaticano pareci\u00f3 respaldar la postura de Italia al publicar que &#8220;Contin\u00faan los desembarcos en Lampedusa. Francia bloquea las fronteras&#8221; en un art\u00edculo en el que lamenta que &#8220;el Ministro del Interior de Par\u00eds, G\u00e9rald Darmanin, hizo saber que Francia no tiene intenci\u00f3n de acoger a nuevos inmigrantes procedentes de Lampedusa&#8221;, la isla s\u00edmbolo de la migraci\u00f3n.<\/p>\n<p>Antes de viajar, el Papa calific\u00f3 a los &#8220;Encuentros Mediterr\u00e1neos&#8221; de los que participar\u00e1 el s\u00e1bado en Marsella junto a obispos de toda la regi\u00f3n como &#8220;una hermosa iniciativa que se desarrolla en importantes ciudades mediterr\u00e1neas, reuniendo a l\u00edderes eclesiales y civiles para promover caminos de paz, colaboraci\u00f3n e integraci\u00f3n en torno al mare nostrum, con especial atenci\u00f3n al fen\u00f3meno migratorio&#8221;.<\/p>\n<p>Si bien este fin de semana Francisco no ir\u00e1 a la capital Par\u00eds, el Papa s\u00ed se reunir\u00e1 con el presidente franc\u00e9s Emmanuel Macron en Marsella, con el que tendr\u00e1 un encuentro privado el s\u00e1bado, la cuarta reuni\u00f3n bilateral desde la asunci\u00f3n del mandatario en 2017<\/p>\n<p>El s\u00e1bado, antes de la reuni\u00f3n con Macron, Francisco dar\u00e1 el discurso m\u00e1s fuerte de los cuatro previstos cuando hable en los &#8220;Encuentros Mediterr\u00e1neos&#8221; frente a un p\u00fablico compuesto por representantes cat\u00f3licos y de otros credos.<\/p>\n<p>Otro de los temas que formar\u00e1n parte de los discursos papales ser\u00e1 el medio ambiente, plante\u00f3 el vocero papal Matteo Bruni, en el marco de la pr\u00f3xima publicaci\u00f3n el 4 de octubre de una nueva exhortaci\u00f3n apost\u00f3lica de Francisco sobre el tema, luego de la enc\u00edclica de 2015 &#8216;Laudato si&#8217;.<\/p>\n<p>Jorge Bergoglio, de 86 a\u00f1os, regresar\u00e1 a Roma el s\u00e1bado, luego de despedirse de Marsella con una misa en el Vel\u00f3dromo local, en la que se espera tambi\u00e9n la presencia de Macron pese a las cr\u00edticas que recibi\u00f3 el presidente franc\u00e9s de sectores que consideran que su presencia no corresponde con el esp\u00edritu laico del pa\u00eds.<\/p>\n","protected":false},"excerpt":{"rendered":"<p>El Papa habl\u00f3 durante el vuelo a la ciudad francesa, a la que lleg\u00f3 para una visita que se centrar\u00e1 en las personas que buscan llegar a Europa por el Mediterr\u00e1neo &nbsp; &nbsp; El papa Francisco pidi\u00f3 este viernes a la Iglesia de Marsella que se abra a los migrantes, al dar su primer discurso en la ciudad del sur de Francia, a la que arrib\u00f3 para una visita de dos d\u00edas centrada en la situaci\u00f3n de las personas que buscan llegar a Europa a trav\u00e9s de la ruta mar\u00edtima&#8230;<\/p>\n","protected":false},"author":3,"featured_media":108453,"comment_status":"closed","ping_status":"closed","sticky":false,"template":"","format":"standard","meta":[],"categories":[4],"tags":[],"_links":{"self":[{"href":"https:\/\/www.actualidadadiario.com\/index.php\/wp-json\/wp\/v2\/posts\/108452"}],"collection":[{"href":"https:\/\/www.actualidadadiario.com\/index.php\/wp-json\/wp\/v2\/posts"}],"about":[{"href":"https:\/\/www.actualidadadiario.com\/index.php\/wp-json\/wp\/v2\/types\/post"}],"author":[{"embeddable":true,"href":"https:\/\/www.actualidadadiario.com\/index.php\/wp-json\/wp\/v2\/users\/3"}],"replies":[{"embeddable":true,"href":"https:\/\/www.actualidadadiario.com\/index.php\/wp-json\/wp\/v2\/comments?post=108452"}],"version-history":[{"count":1,"href":"https:\/\/www.actualidadadiario.com\/index.php\/wp-json\/wp\/v2\/posts\/108452\/revisions"}],"predecessor-version":[{"id":108454,"href":"https:\/\/www.actualidadadiario.com\/index.php\/wp-json\/wp\/v2\/posts\/108452\/revisions\/108454"}],"wp:featuredmedia":[{"embeddable":true,"href":"https:\/\/www.actualidadadiario.com\/index.php\/wp-json\/wp\/v2\/media\/108453"}],"wp:attachment":[{"href":"https:\/\/www.actualidadadiario.com\/index.php\/wp-json\/wp\/v2\/media?parent=108452"}],"wp:term":[{"taxonomy":"category","embeddable":true,"href":"https:\/\/www.actualidadadiario.com\/index.php\/wp-json\/wp\/v2\/categories?post=108452"},{"taxonomy":"post_tag","embeddable":true,"href":"https:\/\/www.actualidadadiario.com\/index.php\/wp-json\/wp\/v2\/tags?post=108452"}],"curies":[{"name":"wp","href":"https:\/\/api.w.org\/{rel}","templated":true}]}}