{"id":108440,"date":"2023-09-22T13:44:21","date_gmt":"2023-09-22T16:44:21","guid":{"rendered":"https:\/\/www.actualidadadiario.com\/?p=108440"},"modified":"2023-09-22T13:44:21","modified_gmt":"2023-09-22T16:44:21","slug":"paro-en-grecia-contra-la-reforma-laboral-que-habilitaria-la-semana-de-seis-dias-y-jornadas-de-13-horas","status":"publish","type":"post","link":"https:\/\/www.actualidadadiario.com\/index.php\/2023\/09\/22\/paro-en-grecia-contra-la-reforma-laboral-que-habilitaria-la-semana-de-seis-dias-y-jornadas-de-13-horas\/","title":{"rendered":"Paro en Grecia contra la reforma laboral que habilitar\u00eda la semana de seis d\u00edas y jornadas de 13 horas"},"content":{"rendered":"<p style=\"text-align: center;\"><em><strong>Miles de griegos marcharon en Atenas contra el proyecto de ley del gobierno de Kyriakos Mitsotakis. La propuesta busca flexibilizar los contratos laborales<\/strong><\/em><\/p>\n<p>&nbsp;<\/p>\n<p>&nbsp;<\/p>\n<p>Miles de personas marcharon este jueves en Grecia y distintos gremios convocaron a un paro de 24 horas en varios sectores en protesta contra una nueva ley de flexibilizaci\u00f3n del mercado laboral, que afecta en particular a los empleados de empresas privadas.<\/p>\n<p>Funcionarios, personal m\u00e9dico, profesores y estibadores secundaron la movilizaci\u00f3n contra el gobierno del primer ministro, Kyriakos Mitsotakis. La protesta oblig\u00f3 tambi\u00e9n a cerrar el metro de Atenas. La huelga nacional de un d\u00eda convocada fue convocada por el mayor sindicato del sector p\u00fablico griego, ADEDY.<\/p>\n<p>El ministro de Trabajo, Adonis Georgiadis, se defendi\u00f3 afirmando que el objetivo de la ley es &#8220;estimular el empleo&#8221; y &#8220;aumentar el n\u00famero de puestos viables y correctamente pagados&#8221;. El mi\u00e9rcoles, unos desconocidos pintaron un grafiti rojo calific\u00e1ndolo de &#8220;basura&#8221; en la entrada del edificio que alberga sus oficinas en Atenas.<\/p>\n<p>&nbsp;<\/p>\n<p><strong>Reforma laboral: qu\u00e9 dice el proyecto<\/strong><\/p>\n<p>El proyecto de ley habilitar\u00eda a los empleados de tiempo completo ser contratados por un segundo empleo de manera parcial y a trabajar hasta 13 horas al d\u00eda. Tambi\u00e9n permitir\u00eda a los empresarios implantar una semana laboral de seis d\u00edas.<\/p>\n<p>&#8220;Deja la puerta abierta a que trabajemos hasta 13 horas (al d\u00eda), y hasta los 74 a\u00f1os&#8221;, declar\u00f3 Lambrini Christoyanni, presidente del sindicato que representa a los empleados del Ministerio de Agricultura, en referencia a la reforma jubilatoria que elev\u00f3 la edad de retiro.<\/p>\n<p>&#8220;Tambi\u00e9n pone fin a las demandas de los trabajadores de aumentos salariales, aumentos que merecen&#8221;, agreg\u00f3 Christoyanni. La ley tambi\u00e9n proh\u00edbe a los huelguistas impedir a un trabajador que acuda a realizar sus tareas durante un paro.<\/p>\n<p>Seg\u00fan los partidos de oposici\u00f3n, el gobierno conservador agravar\u00e1 as\u00ed la explotaci\u00f3n de los trabajadores en un mercado laboral ya de por s\u00ed escasamente regulado, y en el que muchos temen perder su empleo.<\/p>\n<p>En julio, el gobierno del primer ministro Kyriakos Mitsotakis adopt\u00f3 ya una ley que permite trabajar despu\u00e9s de los 74 a\u00f1os, es decir siete a\u00f1os m\u00e1s all\u00e1 de la edad de jubilaci\u00f3n.<\/p>\n<p>El primer ministro, reelecto en junio para un segundo mandato de cuatro a\u00f1os, se ha comprometido a reducir la tasa de desempleo en Grecia, actualmente de 10,8%, a 8% de aqu\u00ed a 2027.<\/p>\n","protected":false},"excerpt":{"rendered":"<p>Miles de griegos marcharon en Atenas contra el proyecto de ley del gobierno de Kyriakos Mitsotakis. La propuesta busca flexibilizar los contratos laborales &nbsp; &nbsp; Miles de personas marcharon este jueves en Grecia y distintos gremios convocaron a un paro de 24 horas en varios sectores en protesta contra una nueva ley de flexibilizaci\u00f3n del mercado laboral, que afecta en particular a los empleados de empresas privadas. Funcionarios, personal m\u00e9dico, profesores y estibadores secundaron la movilizaci\u00f3n contra el gobierno del primer ministro, Kyriakos Mitsotakis. La protesta oblig\u00f3 tambi\u00e9n a cerrar&#8230;<\/p>\n","protected":false},"author":3,"featured_media":108441,"comment_status":"closed","ping_status":"closed","sticky":false,"template":"","format":"standard","meta":[],"categories":[4],"tags":[],"_links":{"self":[{"href":"https:\/\/www.actualidadadiario.com\/index.php\/wp-json\/wp\/v2\/posts\/108440"}],"collection":[{"href":"https:\/\/www.actualidadadiario.com\/index.php\/wp-json\/wp\/v2\/posts"}],"about":[{"href":"https:\/\/www.actualidadadiario.com\/index.php\/wp-json\/wp\/v2\/types\/post"}],"author":[{"embeddable":true,"href":"https:\/\/www.actualidadadiario.com\/index.php\/wp-json\/wp\/v2\/users\/3"}],"replies":[{"embeddable":true,"href":"https:\/\/www.actualidadadiario.com\/index.php\/wp-json\/wp\/v2\/comments?post=108440"}],"version-history":[{"count":1,"href":"https:\/\/www.actualidadadiario.com\/index.php\/wp-json\/wp\/v2\/posts\/108440\/revisions"}],"predecessor-version":[{"id":108442,"href":"https:\/\/www.actualidadadiario.com\/index.php\/wp-json\/wp\/v2\/posts\/108440\/revisions\/108442"}],"wp:featuredmedia":[{"embeddable":true,"href":"https:\/\/www.actualidadadiario.com\/index.php\/wp-json\/wp\/v2\/media\/108441"}],"wp:attachment":[{"href":"https:\/\/www.actualidadadiario.com\/index.php\/wp-json\/wp\/v2\/media?parent=108440"}],"wp:term":[{"taxonomy":"category","embeddable":true,"href":"https:\/\/www.actualidadadiario.com\/index.php\/wp-json\/wp\/v2\/categories?post=108440"},{"taxonomy":"post_tag","embeddable":true,"href":"https:\/\/www.actualidadadiario.com\/index.php\/wp-json\/wp\/v2\/tags?post=108440"}],"curies":[{"name":"wp","href":"https:\/\/api.w.org\/{rel}","templated":true}]}}