{"id":108431,"date":"2023-09-22T13:24:08","date_gmt":"2023-09-22T16:24:08","guid":{"rendered":"https:\/\/www.actualidadadiario.com\/?p=108431"},"modified":"2023-09-22T13:24:08","modified_gmt":"2023-09-22T16:24:08","slug":"bullrich-senalo-que-llega-la-batalla-final-y-comparo-las-elecciones-con-la-batalla-de-normandia","status":"publish","type":"post","link":"https:\/\/www.actualidadadiario.com\/index.php\/2023\/09\/22\/bullrich-senalo-que-llega-la-batalla-final-y-comparo-las-elecciones-con-la-batalla-de-normandia\/","title":{"rendered":"Bullrich se\u00f1al\u00f3 que llega \u201cla batalla final\u201d y compar\u00f3 las elecciones con la batalla de Normand\u00eda"},"content":{"rendered":"<p style=\"text-align: center;\"><em><strong>La candidata presidencial de Juntos por el Cambio apel\u00f3 a esa batalla de la Segunda Guerra Mundial para criticar la falta de experiencia del candidato de La Libertad Avanza<\/strong><\/em><\/p>\n<p>&nbsp;<\/p>\n<p>&nbsp;<\/p>\n<p>La candidata presidencial de Juntos por el Cambio en las elecciones 2023, Patricia Bullrich, apunt\u00f3 este viernes contra la inexperiencia de Javier Milei, candidato de La Libertad Avanza, al utilizar una curiosa met\u00e1fora sobre la Segunda Guerra Mundial. &#8220;Cuando ya estamos desembarcando en Normand\u00eda, no nos vamos a correr para que gobierne un grupo nuevo&#8221;, afirm\u00f3 al respecto.<\/p>\n<p>Bullrich pidi\u00f3 &#8220;romper este intento de que la gobernabilidad est\u00e9 presa de un n\u00facleo de poder mafioso. Esa es la batalla que tenemos que dar&#8221;, seg\u00fan dijo durante un encuentro del Grupo Libertad y Democracia en la Legislatura de la Ciudad de Buenos Aires. \u201cEstamos frente a la \u00faltima batalla. Las dimos todas&#8221;, continu\u00f3 la candidata presidencial y titular el PRO en uso de licencia. Entonces, comenz\u00f3 a diferenciarse de Milei al describir a Juntos por el Cambio como una &#8220;fuerza pol\u00edtica con experiencia y capacidad de habernos mirado (internamente) y modificar para esta gesti\u00f3n&#8221; futura lo que fuera necesario.<\/p>\n<p>En ese punto, Bullrich apel\u00f3 a su analog\u00eda belicista para apuntar contra el candidato de La Libertad Avanza sin nombrarlo directamente. &#8220;Es la batalla final. Cuando ya estamos desembarcando en Normand\u00eda no nos vamos a correr para que un grupo nuevo, que tiene derecho pero que no va a tener la espalda, el coraje, el temperamento, la fuerza y la decisi\u00f3n de decir basta, intente llegar al Gobierno. Si esto es as\u00ed, este poder (por Uni\u00f3n por la Patria) vuelve r\u00e1pido&#8221;, afirm\u00f3.<\/p>\n<p>&#8220;No vamos a parar este desembarco que estamos haciendo. Vamos a lograr que en Argentina no solamente ganemos las elecciones sino la pulseada por que el poder deje de ser mafioso y feudal, que le extrae a la gente todo&#8221;, agreg\u00f3 se\u00f1alando directamente al Gobierno.<\/p>\n<p>Por otra parte, Patricia Bullrich, prometi\u00f3 el \u00faltimo jueves que el Puente Pueyrred\u00f3n &#8220;va a dejar de ser el lugar del piquete&#8221; si es elegida presidenta, debido a que lo considera como un &#8220;punto especial&#8221; en el que ubicar\u00e1 &#8220;a las fuerzas federales&#8221; para evitar manifestaciones, al participar de un acto bajo ese acceso a la ciudad de Buenos Aires junto al candidato a jefe de Gobierno porte\u00f1o Jorge Macri.<\/p>\n<p>Como parte de su caravana proselitista rumbo a las elecciones del 22 de octubre, la candidata se dirigi\u00f3 luego a la localidad bonaerense de Bernal, donde advirti\u00f3 sobre la existencia de &#8220;un sistema de poder&#8221; en el Estado que &#8220;dej\u00f3 indefensos a los m\u00e9dicos, docentes, jubilados, polic\u00edas y fuerzas armadas&#8221;.<\/p>\n<p>&#8220;El Puente Pueyrred\u00f3n va a dejar de ser el lugar del piquete para ser lo que siempre ha sido, un puente que une la ciudad de Avellaneda con ciudad de Buenos Aires&#8221;, dijo Bullrich en la Plaza Paseo de las Artes, bajo ese acceso en la localidad bonaerense de Avellaneda.<\/p>\n<p>La exministra de Seguridad macrista indic\u00f3 que si la coalici\u00f3n gana las elecciones del 22 de octubre, trabajar\u00e1 con &#8220;las fuerzas federales&#8221; y &#8220;con el Gobierno de la Provincia, de la Ciudad y las intendencias para recuperar esta zona&#8221;. &#8220;Que vuelva a tener resplandor para que todos los ciudadanos que viven en el sur no est\u00e9n discriminados en su trabajo y que la gente pueda circular con libertad&#8221;, se\u00f1al\u00f3.<\/p>\n","protected":false},"excerpt":{"rendered":"<p>La candidata presidencial de Juntos por el Cambio apel\u00f3 a esa batalla de la Segunda Guerra Mundial para criticar la falta de experiencia del candidato de La Libertad Avanza &nbsp; &nbsp; La candidata presidencial de Juntos por el Cambio en las elecciones 2023, Patricia Bullrich, apunt\u00f3 este viernes contra la inexperiencia de Javier Milei, candidato de La Libertad Avanza, al utilizar una curiosa met\u00e1fora sobre la Segunda Guerra Mundial. &#8220;Cuando ya estamos desembarcando en Normand\u00eda, no nos vamos a correr para que gobierne un grupo nuevo&#8221;, afirm\u00f3 al respecto. Bullrich&#8230;<\/p>\n","protected":false},"author":3,"featured_media":108432,"comment_status":"closed","ping_status":"closed","sticky":false,"template":"","format":"standard","meta":[],"categories":[18],"tags":[],"_links":{"self":[{"href":"https:\/\/www.actualidadadiario.com\/index.php\/wp-json\/wp\/v2\/posts\/108431"}],"collection":[{"href":"https:\/\/www.actualidadadiario.com\/index.php\/wp-json\/wp\/v2\/posts"}],"about":[{"href":"https:\/\/www.actualidadadiario.com\/index.php\/wp-json\/wp\/v2\/types\/post"}],"author":[{"embeddable":true,"href":"https:\/\/www.actualidadadiario.com\/index.php\/wp-json\/wp\/v2\/users\/3"}],"replies":[{"embeddable":true,"href":"https:\/\/www.actualidadadiario.com\/index.php\/wp-json\/wp\/v2\/comments?post=108431"}],"version-history":[{"count":1,"href":"https:\/\/www.actualidadadiario.com\/index.php\/wp-json\/wp\/v2\/posts\/108431\/revisions"}],"predecessor-version":[{"id":108433,"href":"https:\/\/www.actualidadadiario.com\/index.php\/wp-json\/wp\/v2\/posts\/108431\/revisions\/108433"}],"wp:featuredmedia":[{"embeddable":true,"href":"https:\/\/www.actualidadadiario.com\/index.php\/wp-json\/wp\/v2\/media\/108432"}],"wp:attachment":[{"href":"https:\/\/www.actualidadadiario.com\/index.php\/wp-json\/wp\/v2\/media?parent=108431"}],"wp:term":[{"taxonomy":"category","embeddable":true,"href":"https:\/\/www.actualidadadiario.com\/index.php\/wp-json\/wp\/v2\/categories?post=108431"},{"taxonomy":"post_tag","embeddable":true,"href":"https:\/\/www.actualidadadiario.com\/index.php\/wp-json\/wp\/v2\/tags?post=108431"}],"curies":[{"name":"wp","href":"https:\/\/api.w.org\/{rel}","templated":true}]}}