{"id":108424,"date":"2023-09-22T13:21:11","date_gmt":"2023-09-22T16:21:11","guid":{"rendered":"https:\/\/www.actualidadadiario.com\/?p=108424"},"modified":"2023-09-22T13:21:11","modified_gmt":"2023-09-22T16:21:11","slug":"sergio-massa-decidio-quien-seria-su-ministro-de-economia-y-se-diferencio-de-alberto-fernandez","status":"publish","type":"post","link":"https:\/\/www.actualidadadiario.com\/index.php\/2023\/09\/22\/sergio-massa-decidio-quien-seria-su-ministro-de-economia-y-se-diferencio-de-alberto-fernandez\/","title":{"rendered":"Sergio Massa decidi\u00f3 qui\u00e9n ser\u00eda su ministro de Econom\u00eda y se diferenci\u00f3 de Alberto Fern\u00e1ndez"},"content":{"rendered":"<p style=\"text-align: center;\"><em><strong>Sergio Massa adelant\u00f3 c\u00f3mo estar\u00eda conformado su eventual gabinete. Reconoci\u00f3 que &#8220;un mont\u00f3n de cosas&#8221; se hicieron mal en el Gobierno actual<\/strong><\/em><\/p>\n<p>&nbsp;<\/p>\n<p>&nbsp;<\/p>\n<p>El candidato presidencial de Uni\u00f3n por la Patria, Sergio Massa, dijo que desde su equipo &#8220;est\u00e1n trabajando para ganar en primera vuelta&#8221; y se refiri\u00f3 por primera vez al eventual gabinete que lo acompa\u00f1ar\u00eda en el Gobierno en caso de ganar las elecciones 2023.<\/p>\n<p>Por lo pronto, adelant\u00f3 que el nombre del ministro de Econom\u00eda de su eventual Gobierno &#8220;est\u00e1 decidido&#8221;, pero que todav\u00eda no lo dir\u00e1. &#8220;M\u00e1s que como ministro, ser\u00e1 una referencia para que la gente entienda qu\u00e9 Argentina quiero&#8221;, dijo.<\/p>\n<p>Massa dijo que &#8220;armar\u00eda el equipo y los Ministerios de manera distinta&#8221; al gabinete actual y asegur\u00f3 que &#8220;por lo menos la mitad&#8221; de los funcionarios que hoy est\u00e1n en el Gobierno, no formar\u00e1n parte de su equipo de trabajo. &#8220;Habr\u00e1 ministros radicales y otros que son peronistas y que hoy est\u00e1n en el PRO&#8221;, anticip\u00f3 en La Naci\u00f3n + (LN+), sin entrar en detalles.<\/p>\n<p>&nbsp;<\/p>\n<p><strong>Los errores del Gobierno<\/strong><\/p>\n<p>Para el actual ministro de Econom\u00eda, hubo &#8220;un mont\u00f3n de cosas que se hicieron mal&#8221; durante la gesti\u00f3n del Frente de Todos. Se\u00f1al\u00f3 que la fiesta para celebrar el cumplea\u00f1os de la primera dama, Fabiola Y\u00e1\u00f1ez, durante la pandemia del 2020 en la quinta presidencial de Olivos fue &#8220;el punto de inflexi\u00f3n de la credibilidad&#8221; del Gobierno.<\/p>\n<p>A pesar de que &#8220;todav\u00eda es muy temprano&#8221; para saber c\u00f3mo ser\u00e1 recordado el presidente Alberto Fern\u00e1ndez porque &#8220;todav\u00eda est\u00e1 gobernando&#8221;. Adem\u00e1s, indic\u00f3 que &#8220;hay una parte de la historia que no podemos murar con la suficiente objetividad, que es haber cargado con una pandemia en la espalda y convivir con muertos todos los d\u00edas&#8221;.<\/p>\n<p>Aun as\u00ed, se refiri\u00f3 al momento en que tuvo que dejar la presidencia de la C\u00e1mara de Diputados para ocupar el rol de ministro de Econom\u00eda, tras la salida de Mart\u00edn Guzm\u00e1n en julio de 2022: &#8220;\u00bfEso no es consecuencia de errores?&#8221;, se pregunt\u00f3.<\/p>\n<p>\u201cLa diferencia es que yo me hice cargo cuando muchos met\u00edan la cabeza abajo de la cama, cuando en ese momento hablaban de asamblea legislativa, de corridas, de un gobierno de salida, del helic\u00f3ptero&#8221;, asegur\u00f3. Hizo una referencia impl\u00edcita a la candidata presidencial de Juntos por el Cambio, Patricia Bullrich, que fue ministra de Trabajo durante la presidencia de Fernando de la R\u00faa: \u201cNo como pas\u00f3 en otros momentos donde quienes hoy pretenden presidir la Argentina se fueron en helic\u00f3ptero\u201d.<\/p>\n<p>&nbsp;<\/p>\n<p><strong>Perspectiva econ\u00f3mica<\/strong><\/p>\n<p>Massa dijo que en los pr\u00f3ximos a\u00f1os, Argentina se enfrentar\u00e1 con un contexto especial &#8220;de crecimiento, de desarrollo econ\u00f3mico&#8221;, en el que &#8220;va a pesar la puja redistributiva&#8221; porque hay que &#8220;recuperar el ingreso&#8221;.<\/p>\n<p>Adem\u00e1s, hizo hincapi\u00e9 en la necesidad de &#8220;recuperar la jerarqu\u00eda y el prestigio de las fuerzas de seguridad para devolverle la seguridad a la gente&#8221;. &#8220;Quiero ser un presidente asociado con la generaci\u00f3n de trabajo y seguridad&#8221;, dijo.<\/p>\n<p>Despu\u00e9s de conocerse la inflaci\u00f3n de agosto, que fue la mensual m\u00e1s alta en 30 a\u00f1os, Massa adelant\u00f3 que el dato anual estar\u00e1 cercano a los tres d\u00edgitos y depender\u00e1 de lo que suceda en los meses que restan del a\u00f1o. Un per\u00edodo marcado especialmente por las elecciones y la corrida cambiaria, alimentada por la incertidumbre y la especulaci\u00f3n. A pesar del panorama, asegur\u00f3 que &#8220;no hay riesgo de hiperinflaci\u00f3n&#8221;.<\/p>\n<p>En agosto, el Gobierno aplic\u00f3 una devaluaci\u00f3n como parte del acuerdo con el FMI, despu\u00e9s de las PASO.\u00a0 Al mismo tiempo, esta exigencia fue acompa\u00f1ada por una serie de medidas de alivio para los bolsillos de la gente, industrias y empresas. Este viernes, avanzar\u00e1 con anuncios de alivio fiscal para profesionales, monotributistas, aut\u00f3nomos y pymes.<\/p>\n<p>Agosto, a la vez, fue el mes m\u00e1s caliente hasta ahora, en donde el Gobierno se vio obligado a aplicar una devaluaci\u00f3n como parte del acuerdo con el FMI, despu\u00e9s de las PASO.<\/p>\n<p>Massa dijo que el dato anual de la inflaci\u00f3n depender\u00e1 de lo que suceda en los tres meses que le quedan al 2023. Un per\u00edodo marcado especialmente por las elecciones y la corrida cambiaria, alimentada por la incertidumbre y la especulaci\u00f3n. A pesar, del panorama, asegur\u00f3 que &#8220;no hay riesgo de hiperinflaci\u00f3n&#8221;.<\/p>\n","protected":false},"excerpt":{"rendered":"<p>Sergio Massa adelant\u00f3 c\u00f3mo estar\u00eda conformado su eventual gabinete. Reconoci\u00f3 que &#8220;un mont\u00f3n de cosas&#8221; se hicieron mal en el Gobierno actual &nbsp; &nbsp; El candidato presidencial de Uni\u00f3n por la Patria, Sergio Massa, dijo que desde su equipo &#8220;est\u00e1n trabajando para ganar en primera vuelta&#8221; y se refiri\u00f3 por primera vez al eventual gabinete que lo acompa\u00f1ar\u00eda en el Gobierno en caso de ganar las elecciones 2023. Por lo pronto, adelant\u00f3 que el nombre del ministro de Econom\u00eda de su eventual Gobierno &#8220;est\u00e1 decidido&#8221;, pero que todav\u00eda no lo&#8230;<\/p>\n","protected":false},"author":3,"featured_media":108252,"comment_status":"closed","ping_status":"closed","sticky":false,"template":"","format":"standard","meta":[],"categories":[18],"tags":[],"_links":{"self":[{"href":"https:\/\/www.actualidadadiario.com\/index.php\/wp-json\/wp\/v2\/posts\/108424"}],"collection":[{"href":"https:\/\/www.actualidadadiario.com\/index.php\/wp-json\/wp\/v2\/posts"}],"about":[{"href":"https:\/\/www.actualidadadiario.com\/index.php\/wp-json\/wp\/v2\/types\/post"}],"author":[{"embeddable":true,"href":"https:\/\/www.actualidadadiario.com\/index.php\/wp-json\/wp\/v2\/users\/3"}],"replies":[{"embeddable":true,"href":"https:\/\/www.actualidadadiario.com\/index.php\/wp-json\/wp\/v2\/comments?post=108424"}],"version-history":[{"count":1,"href":"https:\/\/www.actualidadadiario.com\/index.php\/wp-json\/wp\/v2\/posts\/108424\/revisions"}],"predecessor-version":[{"id":108425,"href":"https:\/\/www.actualidadadiario.com\/index.php\/wp-json\/wp\/v2\/posts\/108424\/revisions\/108425"}],"wp:featuredmedia":[{"embeddable":true,"href":"https:\/\/www.actualidadadiario.com\/index.php\/wp-json\/wp\/v2\/media\/108252"}],"wp:attachment":[{"href":"https:\/\/www.actualidadadiario.com\/index.php\/wp-json\/wp\/v2\/media?parent=108424"}],"wp:term":[{"taxonomy":"category","embeddable":true,"href":"https:\/\/www.actualidadadiario.com\/index.php\/wp-json\/wp\/v2\/categories?post=108424"},{"taxonomy":"post_tag","embeddable":true,"href":"https:\/\/www.actualidadadiario.com\/index.php\/wp-json\/wp\/v2\/tags?post=108424"}],"curies":[{"name":"wp","href":"https:\/\/api.w.org\/{rel}","templated":true}]}}