{"id":108419,"date":"2023-09-22T12:50:56","date_gmt":"2023-09-22T15:50:56","guid":{"rendered":"https:\/\/www.actualidadadiario.com\/?p=108419"},"modified":"2023-09-22T12:50:56","modified_gmt":"2023-09-22T15:50:56","slug":"cristina-vuelve-a-la-escena-publica-mientras-massa-espera-una-senal-de-apoyo-electoral","status":"publish","type":"post","link":"https:\/\/www.actualidadadiario.com\/index.php\/2023\/09\/22\/cristina-vuelve-a-la-escena-publica-mientras-massa-espera-una-senal-de-apoyo-electoral\/","title":{"rendered":"Cristina vuelve a la escena p\u00fablica mientras Massa espera una se\u00f1al de apoyo electoral"},"content":{"rendered":"<p style=\"text-align: center;\"><em><strong>El discurso de la vicepresidenta romper\u00e1 el silencio despu\u00e9s de dos meses. Tendr\u00e1 un impacto en la campa\u00f1a y hay una fuerte expectativa por el mensaje pol\u00edtico<\/strong><\/em><\/p>\n<p>&nbsp;<\/p>\n<p>&nbsp;<\/p>\n<p>Tras el silencio de m\u00e1s de dos meses, la vicepresidenta Cristina Kirchner volver\u00e1 a mover el tablero pol\u00edtico cuando reaparezca ma\u00f1ana en la presentaci\u00f3n de un libro en la sede de la UMET.<\/p>\n<p>Muchos de los que esperaban la reaparici\u00f3n de la expresidenta en la escena p\u00fablica descubrir\u00e1n este s\u00e1bado que tanto est\u00e1 metida en la campa\u00f1a electoral y cu\u00e1nto ayudar\u00e1 al candidato de Uni\u00f3n por la Patria, Sergio Massa.<\/p>\n<p>La vicepresidenta suele dar clases magistrales en tono de discurso pol\u00edtico hasta el punto de convertirse en la protagonista de la escena p\u00fablica pese a que no es candidata en las pr\u00f3ximas elecciones. Un poco por eso explican internamente a su corrimiento de la campa\u00f1a electoral.<\/p>\n<p>En Uni\u00f3n por la Patria estar\u00e1n expectantes al mensaje de la principal l\u00edder del espacio oficialista. &#8220;Siempre nos sorprende&#8221;, analizan en el kirchnerismo sobre las expectativas de sus palabras.<\/p>\n<p>Un poco apremiada por el calendario y por las resoluciones judiciales en su contra, Cristina volver\u00e1 a ser el centro de la campa\u00f1a. La \u00faltima semana, la C\u00e1mara de Casaci\u00f3n Penal dio marcha atr\u00e1s a su sobreseimiento en las causas de Hotesur- Los Sauces y el Memor\u00e1ndum con Ir\u00e1n, por lo que volver\u00e1n a enjuiciar a la mandataria y a una docena de funcionarios, incluido su hijo M\u00e1ximo Kirchner.<\/p>\n<p>&nbsp;<\/p>\n<p><strong>Cristina agita la campa\u00f1a: cu\u00e1ndo habla<\/strong><\/p>\n<p>Su presentaci\u00f3n estaba prevista antes de los fallos, pero la vicepresidenta tendr\u00e1 la oportunidad de exponer su posici\u00f3n en la que denunciar\u00e1 &#8220;la persecuci\u00f3n pol\u00edtica&#8221; de la Justicia sobre su persona. No ser\u00e1 algo nuevo en su discurso, pero reforzar\u00e1 la teor\u00eda del &#8220;lawfare&#8221; que denuncia el kirchnerismo.<\/p>\n<p>Cristina participar\u00e1 ma\u00f1ana de la presentaci\u00f3n de la reedici\u00f3n del libro &#8220;Despu\u00e9s del derrumbe, conversaciones de Torcuato Di Tella y N\u00e9stor Kirchner&#8221;, en la que el t\u00edtulo de la conferencia ser\u00e1: &#8220;De castas, herencias, derrumbes y futuro&#8221;. Con estos enunciados, es muy probable que se refiera al candidato presidencial de La Libertad Avanza, Javier Milei.<\/p>\n<p>Los dardos y reflexiones pol\u00edticas incluso podr\u00edan alcanzar a otros sectores opositores de Juntos por el Cambio al referirse a la herencia de la gesti\u00f3n de Mauricio Macri y la deuda contra\u00edda con el FMI.<\/p>\n<p>El evento se llevar\u00e1 a cabo el pr\u00f3ximo s\u00e1bado 23 de septiembre a las 18 en el Auditorio de la UMET, en Sarmiento 2037, en la Ciudad de Buenos Aires.<\/p>\n<p>Si hacemos un poco de revisionismo hist\u00f3rico de las apariciones de la expresidenta hay que remontarse a dos meses atr\u00e1s, cuando el 17 de julio comparti\u00f3 un acto junto a Massa en el Aeropuerto de Ezeiza por los 15 a\u00f1os de la reestatizaci\u00f3n de Aerol\u00edneas Argentinas. Igualmente, este s\u00e1bado no aparecer\u00e1 junto al ministro de Econom\u00eda, quien estar\u00e1 de gira por el interior del pa\u00eds.<\/p>\n<p>Si bien la vicepresidenta estuvo corrida del escenario p\u00fablico, eso no significa que no est\u00e9 detr\u00e1s de la estrategia electoral. Hace pocos d\u00edas, M\u00e1ximo hab\u00eda pedido a su madre que hablar\u00e1 en la campa\u00f1a. La militancia convoc\u00f3 a movilizarse ma\u00f1ana a la sede de la UMET ubicada en Sarmiento y Ayacucho, en la Ciudad de Buenos Aires.<\/p>\n","protected":false},"excerpt":{"rendered":"<p>El discurso de la vicepresidenta romper\u00e1 el silencio despu\u00e9s de dos meses. Tendr\u00e1 un impacto en la campa\u00f1a y hay una fuerte expectativa por el mensaje pol\u00edtico &nbsp; &nbsp; Tras el silencio de m\u00e1s de dos meses, la vicepresidenta Cristina Kirchner volver\u00e1 a mover el tablero pol\u00edtico cuando reaparezca ma\u00f1ana en la presentaci\u00f3n de un libro en la sede de la UMET. Muchos de los que esperaban la reaparici\u00f3n de la expresidenta en la escena p\u00fablica descubrir\u00e1n este s\u00e1bado que tanto est\u00e1 metida en la campa\u00f1a electoral y cu\u00e1nto ayudar\u00e1&#8230;<\/p>\n","protected":false},"author":3,"featured_media":100797,"comment_status":"closed","ping_status":"closed","sticky":false,"template":"","format":"standard","meta":[],"categories":[9],"tags":[],"_links":{"self":[{"href":"https:\/\/www.actualidadadiario.com\/index.php\/wp-json\/wp\/v2\/posts\/108419"}],"collection":[{"href":"https:\/\/www.actualidadadiario.com\/index.php\/wp-json\/wp\/v2\/posts"}],"about":[{"href":"https:\/\/www.actualidadadiario.com\/index.php\/wp-json\/wp\/v2\/types\/post"}],"author":[{"embeddable":true,"href":"https:\/\/www.actualidadadiario.com\/index.php\/wp-json\/wp\/v2\/users\/3"}],"replies":[{"embeddable":true,"href":"https:\/\/www.actualidadadiario.com\/index.php\/wp-json\/wp\/v2\/comments?post=108419"}],"version-history":[{"count":1,"href":"https:\/\/www.actualidadadiario.com\/index.php\/wp-json\/wp\/v2\/posts\/108419\/revisions"}],"predecessor-version":[{"id":108420,"href":"https:\/\/www.actualidadadiario.com\/index.php\/wp-json\/wp\/v2\/posts\/108419\/revisions\/108420"}],"wp:featuredmedia":[{"embeddable":true,"href":"https:\/\/www.actualidadadiario.com\/index.php\/wp-json\/wp\/v2\/media\/100797"}],"wp:attachment":[{"href":"https:\/\/www.actualidadadiario.com\/index.php\/wp-json\/wp\/v2\/media?parent=108419"}],"wp:term":[{"taxonomy":"category","embeddable":true,"href":"https:\/\/www.actualidadadiario.com\/index.php\/wp-json\/wp\/v2\/categories?post=108419"},{"taxonomy":"post_tag","embeddable":true,"href":"https:\/\/www.actualidadadiario.com\/index.php\/wp-json\/wp\/v2\/tags?post=108419"}],"curies":[{"name":"wp","href":"https:\/\/api.w.org\/{rel}","templated":true}]}}