{"id":108416,"date":"2023-09-22T12:50:00","date_gmt":"2023-09-22T15:50:00","guid":{"rendered":"https:\/\/www.actualidadadiario.com\/?p=108416"},"modified":"2023-09-22T12:50:00","modified_gmt":"2023-09-22T15:50:00","slug":"encuesta-a-casi-un-mes-de-las-elecciones-virtual-empate-entre-milei-y-massa-y-habria-balotaje","status":"publish","type":"post","link":"https:\/\/www.actualidadadiario.com\/index.php\/2023\/09\/22\/encuesta-a-casi-un-mes-de-las-elecciones-virtual-empate-entre-milei-y-massa-y-habria-balotaje\/","title":{"rendered":"Encuesta: a casi un mes de las elecciones, virtual empate entre Milei y Massa y habr\u00eda balotaje"},"content":{"rendered":"<p style=\"text-align: center;\"><em><strong>Una encuesta de la CELAG revel\u00f3 que los candidatos de La Libertad Avanza y de Uni\u00f3n por la Patria quedar\u00edan cabeza a cabeza en las generales del 22 de octubre. Milei con el 33,2% de intenci\u00f3n, Massa con el 32,2% y Bullrich qued\u00f3 tercera con 28,1%<\/strong><\/em><\/p>\n<p>&nbsp;<\/p>\n<p>&nbsp;<\/p>\n<p>Una encuesta realizada por el Centro Estrat\u00e9gico Latinoamericano de Geopol\u00edtica (CELAG)\u00a0 vaticin\u00f3 casi un empate t\u00e9cnico entre los candidatos presidenciales de La Libertad Avanza, Javier Milei, y de la Uni\u00f3n por la Patria, Sergio Massa, en las elecciones generales del 22 de octubre y, en consecuencia, un potencial balotage.<\/p>\n<p>En relevamiento, que\u00a0 se realiz\u00f3 de manera presencial en todo el pa\u00eds entre el 1 y el 20 de septiembre sobre 2.500 casos, Milei se ubic\u00f3 primero con el 33,2% de intenci\u00f3n de voto,\u00a0 su contrincante Massa qued\u00f3 apenas un punto por debajo, con el 32,2%, mientras que la candidata de Juntos por el Cambio, Patricia Bullrich, registr\u00f3 el 28,1% de intenci\u00f3n de voto.<\/p>\n<p>Muy por detr\u00e1s quedaron Juan Schiaretti, de Hacemos por Nuestro Pa\u00eds, con el 3,6%, y Myriam Bregman, del Frente de Izquierda y los Trabajadores-Unidad, con el 2,9% de intenci\u00f3n de voto.<\/p>\n<p>Respecto a\u00a0 los pr\u00f3ximos comicios, una abrumadora mayor\u00eda de casi el 80% sostuvo que votar\u00e1 lo mismo que en las elecciones PASO, mientras que un 15,9% se\u00f1al\u00f3 que a\u00fan no lo ha decidido y tan solo un 2,6% afirm\u00f3 que no votar\u00e1 igual.<\/p>\n<p>&#8220;Creo que Milei tuvo un primer impacto tras las PASO. Agarr\u00f3 buena parte de un voto que suele pasar pos elecciones. El envi\u00f3n que le dio la victoria, para muchos inesperada&#8221;, se\u00f1al\u00f3 el director de CELAG, el espa\u00f1ol Alfredo Serrano Mancilla, a C5N y consider\u00f3: &#8220;Hoy lo que percibo con estos datos es que sigue habiendo tres grandes fuerzas pol\u00edticas-electorales. Milei encabeza por poco. Massa logr\u00f3 contener todo el voto de (Juan) Grabois, todo el voto kirchnerista, y algunos votos que empieza a obtener a partir de esta cantidad de propuestas y decisiones en materia pol\u00edtica-econ\u00f3mica. Y Bullrich tiene un gran problema&#8221;.<\/p>\n<p>Serrano Mancilla remarc\u00f3 que la candidata de Juntos por el Cambio &#8220;sigue teniendo el n\u00facleo duro macrista y se queda con buena parte del voto de (Horacio Rodr\u00edguez) Larreta&#8221;, aunque aclar\u00f3 que &#8220;tiene un rival muy fuerte y est\u00e1n compitiendo por unos votantes que hoy le est\u00e1n dando el visto bueno al que gan\u00f3 la PASO&#8221; (en referencia a Milei).<\/p>\n<p>Sobre las debilidades que proyectan los candidatos,\u00a0 en la encuesta un 30,4% sostuvo que a Milei le caracteriza la violencia; un 21,2% lo defini\u00f3 como chanta, y el 19,7% lo calific\u00f3 como machista. Asimismo, un 58% lo vio como inestable frente a un 37,7% que consider\u00f3 que es una persona aut\u00e9ntica y valiente. En el caso de Massa, un 32,7% cree que el fracaso es su mayor debilidad; un 23,7% se\u00f1al\u00f3 la desconfianza, y un 19,1%, la mentira.<\/p>\n<p>Bullrich, por su parte, fue identificada por un 30,4% por la represi\u00f3n; para un 27,7% supone mala gesti\u00f3n, y un 15,8% la defini\u00f3 como \u201cmafia\u201d. Una mayor\u00eda del 57,8% consider\u00f3 que \u201cno entiende nada de econom\u00eda\u201d, mientras que el 37,2% se\u00f1al\u00f3 que tiene un equipo s\u00f3lido que la asesora en esta materia.<\/p>\n<p>En declaraciones el director de CELAG advirti\u00f3 que el votante de Bullrich es diferente al de Milei, por ejemplo, el que acompa\u00f1a al libertario est\u00e1 de acuerdo con la dolarizaci\u00f3n, mientras que los de Bullrich, s\u00f3lo uno de cada diez. &#8220;Con la casta pasa lo mismo. No todos los votantes de Bullrich le compran a Milei el verso de la casta&#8221;, apunt\u00f3 el espa\u00f1ol.<\/p>\n<p>Y es que respecto a la consideraci\u00f3n sobre la clase pol\u00edtica el relevamiento de la CELAG arroj\u00f3 que casi el 60% est\u00e1 en desacuerdo con que sean una casta y se\u00f1al\u00f3 que, al igual que en cualquier colectivo, hay pol\u00edticos buenos y pol\u00edticos malos. En el lado opuesto se sit\u00faa un 37,2% que s\u00ed consider\u00f3 que son una casta y que ser\u00eda mejor que gobernara \u201cla gente com\u00fan\u201d.<\/p>\n","protected":false},"excerpt":{"rendered":"<p>Una encuesta de la CELAG revel\u00f3 que los candidatos de La Libertad Avanza y de Uni\u00f3n por la Patria quedar\u00edan cabeza a cabeza en las generales del 22 de octubre. Milei con el 33,2% de intenci\u00f3n, Massa con el 32,2% y Bullrich qued\u00f3 tercera con 28,1% &nbsp; &nbsp; Una encuesta realizada por el Centro Estrat\u00e9gico Latinoamericano de Geopol\u00edtica (CELAG)\u00a0 vaticin\u00f3 casi un empate t\u00e9cnico entre los candidatos presidenciales de La Libertad Avanza, Javier Milei, y de la Uni\u00f3n por la Patria, Sergio Massa, en las elecciones generales del 22 de&#8230;<\/p>\n","protected":false},"author":3,"featured_media":108417,"comment_status":"closed","ping_status":"closed","sticky":false,"template":"","format":"standard","meta":[],"categories":[9],"tags":[],"_links":{"self":[{"href":"https:\/\/www.actualidadadiario.com\/index.php\/wp-json\/wp\/v2\/posts\/108416"}],"collection":[{"href":"https:\/\/www.actualidadadiario.com\/index.php\/wp-json\/wp\/v2\/posts"}],"about":[{"href":"https:\/\/www.actualidadadiario.com\/index.php\/wp-json\/wp\/v2\/types\/post"}],"author":[{"embeddable":true,"href":"https:\/\/www.actualidadadiario.com\/index.php\/wp-json\/wp\/v2\/users\/3"}],"replies":[{"embeddable":true,"href":"https:\/\/www.actualidadadiario.com\/index.php\/wp-json\/wp\/v2\/comments?post=108416"}],"version-history":[{"count":1,"href":"https:\/\/www.actualidadadiario.com\/index.php\/wp-json\/wp\/v2\/posts\/108416\/revisions"}],"predecessor-version":[{"id":108418,"href":"https:\/\/www.actualidadadiario.com\/index.php\/wp-json\/wp\/v2\/posts\/108416\/revisions\/108418"}],"wp:featuredmedia":[{"embeddable":true,"href":"https:\/\/www.actualidadadiario.com\/index.php\/wp-json\/wp\/v2\/media\/108417"}],"wp:attachment":[{"href":"https:\/\/www.actualidadadiario.com\/index.php\/wp-json\/wp\/v2\/media?parent=108416"}],"wp:term":[{"taxonomy":"category","embeddable":true,"href":"https:\/\/www.actualidadadiario.com\/index.php\/wp-json\/wp\/v2\/categories?post=108416"},{"taxonomy":"post_tag","embeddable":true,"href":"https:\/\/www.actualidadadiario.com\/index.php\/wp-json\/wp\/v2\/tags?post=108416"}],"curies":[{"name":"wp","href":"https:\/\/api.w.org\/{rel}","templated":true}]}}