{"id":108414,"date":"2023-09-22T12:49:11","date_gmt":"2023-09-22T15:49:11","guid":{"rendered":"https:\/\/www.actualidadadiario.com\/?p=108414"},"modified":"2023-09-22T12:49:11","modified_gmt":"2023-09-22T15:49:11","slug":"sube-el-salario-minimo-vital-y-movil-de-cuanto-sera-en-octubre","status":"publish","type":"post","link":"https:\/\/www.actualidadadiario.com\/index.php\/2023\/09\/22\/sube-el-salario-minimo-vital-y-movil-de-cuanto-sera-en-octubre\/","title":{"rendered":"Sube el Salario M\u00ednimo, Vital y M\u00f3vil: de cu\u00e1nto ser\u00e1 en octubre"},"content":{"rendered":"<p style=\"text-align: center;\"><em><strong>El Gobierno oficializ\u00f3 la convocatoria del Consejo del Salario para el 27 de septiembre pr\u00f3ximo, con el objetivo de definir un nuevo aumento del haber m\u00ednimo y de la prestaci\u00f3n por desempleo<\/strong><\/em><\/p>\n<p>&nbsp;<\/p>\n<p>&nbsp;<\/p>\n<p>Mientras se esperan novedades para los trabajadores informales en el marco de las medidas econ\u00f3micas anunciadas por el ministro-candidato Sergio Massa, el Gobierno oficializ\u00f3 la convocatoria del Consejo del Salario para el 27 de septiembre pr\u00f3ximo, con el objetivo de definir un nuevo aumento del haber m\u00ednimo y de la prestaci\u00f3n por desempleo.<\/p>\n<p>&nbsp;<\/p>\n<p><strong>\u00bfCu\u00e1ndo subir\u00e1 el salario en octubre 2023?<\/strong><\/p>\n<p>La reuni\u00f3n estaba prevista para el 15 de octubre, pero el Gobierno decidi\u00f3 adelantarla a ra\u00edz de la disparada de la inflaci\u00f3n, que trep\u00f3 al 12,4% en agosto.<\/p>\n<p>&#8220;Conv\u00f3case a los integrantes del Consejo Nacional del Empleo, la Productividad y el Salario M\u00ednimo, Vital y M\u00f3vil a reunirse en sesi\u00f3n plenaria ordinaria el 27 de septiembre de 2023, a las 16:00, mediante plataforma virtual. D\u00e9jase establecido la convocatoria a segunda sesi\u00f3n para las 16:30 de ese mismo d\u00eda&#8221;, seg\u00fan el texto oficial.<\/p>\n<p>Como orden del d\u00eda, se fij\u00f3 la designaci\u00f3n de dos Consejeros presentes de cada sector para la suscripci\u00f3n del acta, y la consideraci\u00f3n de los temas elevados al plenario por la Comisi\u00f3n del Salario M\u00ednimo, Vital y M\u00f3vil y Prestaciones por Desempleo.<\/p>\n<p>Esta \u00faltima Comisi\u00f3n se reunir\u00e1 a las 14:00 del mi\u00e9rcoles 27, para la determinaci\u00f3n del salario m\u00ednimo y de los montos m\u00ednimo y m\u00e1ximo de la prestaci\u00f3n por desempleo.<\/p>\n<p>&nbsp;<\/p>\n<p><strong>\u00bfCu\u00e1nto es el Salario M\u00ednimo, Vital y M\u00f3vil en Argentina?<\/strong><\/p>\n<p>La \u00faltima actualizaci\u00f3n del salario m\u00ednimo se aplic\u00f3 en junio, cuando empresarios y sindicalistas aprobaron un aumento del 34% en tres tramos, entre julio y septiembre, que elev\u00f3 ese ingreso a $105.500, luego a $112.500 en agosto y lleg\u00f3 a $118.000 este mes.<\/p>\n<p>En esa reuni\u00f3n la CGT vot\u00f3 a favor, la CTA Aut\u00f3noma lo rechaz\u00f3 -tras reclamar un 55%- y la CTA de los Trabajadores liderada por Hugo Yasky decidi\u00f3 abstenerse.<\/p>\n<p>La modificaci\u00f3n del haber m\u00ednimo impacta en las prestaciones por desempleo el plan Potenciar Trabajo, el Programa Acompa\u00f1ar y las becas Progresar, entre otros subsidios estatales.<\/p>\n<p>&nbsp;<\/p>\n<p><strong>\u00bfC\u00f3mo impactar\u00e1 la suba del Salario M\u00ednimo sobre el Impuesto a las Ganancias?<\/strong><\/p>\n<p>El piso del m\u00ednimo no imponible para el pago del impuesto a las Ganancias durante el \u00faltimo trimestre del a\u00f1o se elevar\u00eda a $2 millones como consecuencia del aumento del Salario M\u00ednimo Vital y M\u00f3vil (SMVM) que se discutir\u00e1 el pr\u00f3ximo mi\u00e9rcoles.<\/p>\n<p>As\u00ed lo estim\u00f3 el tributarista Sebasti\u00e1n Dom\u00ednguez, quien precis\u00f3 que &#8220;los c\u00e1lculos deben hacerse con los valores vigentes al 1\u00b0 de octubre y por eso el m\u00ednimo pasar\u00e1 a ser entre $2 y 2,1 millones&#8221;.<\/p>\n<p>El Ministerio de Trabajo convoc\u00f3 al Consejo del Salario M\u00ednimo Vital y M\u00f3vil (SMVM) para el pr\u00f3ximo mi\u00e9rcoles, donde se actualizar\u00e1n las remuneraciones b\u00e1sicas y esto impactar\u00e1 en el pago del impuesto a las Ganancias<\/p>\n<p>Dom\u00ednguez aclar\u00f3 que para el tramo de este a\u00f1o en el que est\u00e1 vigente el decreto que aument\u00f3 el m\u00ednimo no imponible se ver\u00e1n beneficiados todos los trabajadores cuyas remuneraciones est\u00e9n por debajo del piso, pero no as\u00ed cuando se sancione la ley que ayer tuvo aprobaci\u00f3n de la C\u00e1mara de Diputados.<\/p>\n<p>&#8220;En el decreto el pago del impuesto lo define el salario, pero la ley diferencia entre un empleado y un directivo. Al que es directivo no le aplicar\u00e1 el impuesto cedular (con base en 15 SMVM) sino que le aplica el Impuesto a las Ganancias normal&#8221;, precis\u00f3.<\/p>\n<p>Sobre el pago del impuesto sobre el aguinaldo explic\u00f3 que estar\u00e1 gravado bajo el mismo esquema. O sea, se tomar\u00e1n 15 SMVM como piso y en consecuencia, con los nuevos valores proyectados un aguinaldo de $1 mill\u00f3n quedar\u00eda exento de pagar el tributo.<\/p>\n<p>El proyecto de modificaci\u00f3n del impuesto a las Ganancias para los empleados de la 4\u00aa categor\u00eda tuvo anoche media sanci\u00f3n de la C\u00e1mara de Diputados y ahora ser\u00e1 debatido por el Senado.<\/p>\n<p>La votaci\u00f3n arroj\u00f3 recogi\u00f3 135 respaldos, 103 rechazos y ninguna abstenci\u00f3n.<\/p>\n<p>Con los valores actuales, el costo fiscal de la medida ser\u00e1 de 0,83% del PBI, que equivale a $3 billones, seg\u00fan estim\u00f3 la Oficina de Presupuesto del Congreso (OPC).<\/p>\n<p>El organismo calcul\u00f3 que &#8220;para el Tesoro se estima un impacto fiscal en 2024 negativo equivalente a 0,30% del PIB ($1,05 billones a precios de 2024)&#8221;, y proyect\u00f3 que el Poder Judicial nacional tendr\u00e1 un impacto de $100.500 millones (0,03% del PBI), la AFIP otros $55.600 millones (0,02%) y fondos para Aportes del Tesoro Nacional por poco m\u00e1s de $28.000 millones.<\/p>\n<p>Adem\u00e1s, el estudio proyect\u00f3 el costo que deber\u00e1n absorber las provincias en $1,6 billones, al tomar en consideraci\u00f3n que Ganancias es uno de los principales impuestos coparticipables.<\/p>\n","protected":false},"excerpt":{"rendered":"<p>El Gobierno oficializ\u00f3 la convocatoria del Consejo del Salario para el 27 de septiembre pr\u00f3ximo, con el objetivo de definir un nuevo aumento del haber m\u00ednimo y de la prestaci\u00f3n por desempleo &nbsp; &nbsp; Mientras se esperan novedades para los trabajadores informales en el marco de las medidas econ\u00f3micas anunciadas por el ministro-candidato Sergio Massa, el Gobierno oficializ\u00f3 la convocatoria del Consejo del Salario para el 27 de septiembre pr\u00f3ximo, con el objetivo de definir un nuevo aumento del haber m\u00ednimo y de la prestaci\u00f3n por desempleo. &nbsp; \u00bfCu\u00e1ndo subir\u00e1&#8230;<\/p>\n","protected":false},"author":3,"featured_media":94724,"comment_status":"closed","ping_status":"closed","sticky":false,"template":"","format":"standard","meta":[],"categories":[2],"tags":[],"_links":{"self":[{"href":"https:\/\/www.actualidadadiario.com\/index.php\/wp-json\/wp\/v2\/posts\/108414"}],"collection":[{"href":"https:\/\/www.actualidadadiario.com\/index.php\/wp-json\/wp\/v2\/posts"}],"about":[{"href":"https:\/\/www.actualidadadiario.com\/index.php\/wp-json\/wp\/v2\/types\/post"}],"author":[{"embeddable":true,"href":"https:\/\/www.actualidadadiario.com\/index.php\/wp-json\/wp\/v2\/users\/3"}],"replies":[{"embeddable":true,"href":"https:\/\/www.actualidadadiario.com\/index.php\/wp-json\/wp\/v2\/comments?post=108414"}],"version-history":[{"count":1,"href":"https:\/\/www.actualidadadiario.com\/index.php\/wp-json\/wp\/v2\/posts\/108414\/revisions"}],"predecessor-version":[{"id":108415,"href":"https:\/\/www.actualidadadiario.com\/index.php\/wp-json\/wp\/v2\/posts\/108414\/revisions\/108415"}],"wp:featuredmedia":[{"embeddable":true,"href":"https:\/\/www.actualidadadiario.com\/index.php\/wp-json\/wp\/v2\/media\/94724"}],"wp:attachment":[{"href":"https:\/\/www.actualidadadiario.com\/index.php\/wp-json\/wp\/v2\/media?parent=108414"}],"wp:term":[{"taxonomy":"category","embeddable":true,"href":"https:\/\/www.actualidadadiario.com\/index.php\/wp-json\/wp\/v2\/categories?post=108414"},{"taxonomy":"post_tag","embeddable":true,"href":"https:\/\/www.actualidadadiario.com\/index.php\/wp-json\/wp\/v2\/tags?post=108414"}],"curies":[{"name":"wp","href":"https:\/\/api.w.org\/{rel}","templated":true}]}}