{"id":108411,"date":"2023-09-22T12:48:26","date_gmt":"2023-09-22T15:48:26","guid":{"rendered":"https:\/\/www.actualidadadiario.com\/?p=108411"},"modified":"2023-09-22T12:48:26","modified_gmt":"2023-09-22T15:48:26","slug":"distribuyen-36-000-millones-a-las-provincias-en-subsidios-al-transporte","status":"publish","type":"post","link":"https:\/\/www.actualidadadiario.com\/index.php\/2023\/09\/22\/distribuyen-36-000-millones-a-las-provincias-en-subsidios-al-transporte\/","title":{"rendered":"Distribuyen $ 36.000 millones a las provincias en subsidios al transporte"},"content":{"rendered":"<p style=\"text-align: center;\"><em><strong>Estos recursos tienen como objetivo brindar un respaldo financiero a los servicios de transporte p\u00fablico de pasajeros en \u00e1reas urbanas y suburbanas de jurisdicci\u00f3n nacional<\/strong><\/em><\/p>\n<p>&nbsp;<\/p>\n<p>&nbsp;<\/p>\n<p>El Ministerio de Transporte dispuso la distribuci\u00f3n de $ 36.000 millones para las provincias, correspondientes al Fondo de Compensaci\u00f3n al Transporte P\u00fablico Automotor del Interior.<\/p>\n<p>En lo que va de este a\u00f1o Transporte distribuy\u00f3 $ 28.000 millones para los primeros cuatro meses del a\u00f1o, $ 14.000 millones para mayo y junio, y $ 18.000 millones para julio y agosto.<\/p>\n<p>Por Decreto de Necesidad y Urgencia 436, del pasado 29 de agosto, se increment\u00f3 la partida presupuestaria total para este a\u00f1o a $ 96.000.063.566.<\/p>\n<p>Los subsidios son distribuidos de acuerdo con los kil\u00f3metros transitados informados mediante declaraci\u00f3n jurada por cada jurisdicci\u00f3n, tomando la informaci\u00f3n de la tarjeta SUBE, en conjunto con la del parque m\u00f3vil.<\/p>\n<p>Una vez distribuidos a la provincia -o municipio, en el caso que corresponda-, las jurisdicciones deben transferir los fondos en forma directa a las empresas prestadoras de colectivos, dentro de los primeros dos d\u00edas h\u00e1biles de ser acreditados.<\/p>\n<p>El Fondo de Compensaci\u00f3n al Transporte P\u00fablico de Pasajeros fue creado a fines de 2019 para sustituir los diversos convenios suscriptos de Naci\u00f3n con las jurisdicciones provinciales, con el objetivo de brindar un &#8220;marco transicional&#8221; para compensar los desequilibrios financieros entre el sistema de colectivos del interior y el del \u00c1rea Metropolitana de Buenos Aires (AMBA).<\/p>\n","protected":false},"excerpt":{"rendered":"<p>Estos recursos tienen como objetivo brindar un respaldo financiero a los servicios de transporte p\u00fablico de pasajeros en \u00e1reas urbanas y suburbanas de jurisdicci\u00f3n nacional &nbsp; &nbsp; El Ministerio de Transporte dispuso la distribuci\u00f3n de $ 36.000 millones para las provincias, correspondientes al Fondo de Compensaci\u00f3n al Transporte P\u00fablico Automotor del Interior. En lo que va de este a\u00f1o Transporte distribuy\u00f3 $ 28.000 millones para los primeros cuatro meses del a\u00f1o, $ 14.000 millones para mayo y junio, y $ 18.000 millones para julio y agosto. Por Decreto de Necesidad&#8230;<\/p>\n","protected":false},"author":3,"featured_media":108412,"comment_status":"closed","ping_status":"closed","sticky":false,"template":"","format":"standard","meta":[],"categories":[2],"tags":[],"_links":{"self":[{"href":"https:\/\/www.actualidadadiario.com\/index.php\/wp-json\/wp\/v2\/posts\/108411"}],"collection":[{"href":"https:\/\/www.actualidadadiario.com\/index.php\/wp-json\/wp\/v2\/posts"}],"about":[{"href":"https:\/\/www.actualidadadiario.com\/index.php\/wp-json\/wp\/v2\/types\/post"}],"author":[{"embeddable":true,"href":"https:\/\/www.actualidadadiario.com\/index.php\/wp-json\/wp\/v2\/users\/3"}],"replies":[{"embeddable":true,"href":"https:\/\/www.actualidadadiario.com\/index.php\/wp-json\/wp\/v2\/comments?post=108411"}],"version-history":[{"count":1,"href":"https:\/\/www.actualidadadiario.com\/index.php\/wp-json\/wp\/v2\/posts\/108411\/revisions"}],"predecessor-version":[{"id":108413,"href":"https:\/\/www.actualidadadiario.com\/index.php\/wp-json\/wp\/v2\/posts\/108411\/revisions\/108413"}],"wp:featuredmedia":[{"embeddable":true,"href":"https:\/\/www.actualidadadiario.com\/index.php\/wp-json\/wp\/v2\/media\/108412"}],"wp:attachment":[{"href":"https:\/\/www.actualidadadiario.com\/index.php\/wp-json\/wp\/v2\/media?parent=108411"}],"wp:term":[{"taxonomy":"category","embeddable":true,"href":"https:\/\/www.actualidadadiario.com\/index.php\/wp-json\/wp\/v2\/categories?post=108411"},{"taxonomy":"post_tag","embeddable":true,"href":"https:\/\/www.actualidadadiario.com\/index.php\/wp-json\/wp\/v2\/tags?post=108411"}],"curies":[{"name":"wp","href":"https:\/\/api.w.org\/{rel}","templated":true}]}}