{"id":10841,"date":"2017-05-02T09:44:29","date_gmt":"2017-05-02T12:44:29","guid":{"rendered":"http:\/\/actualidadadiario.com\/site\/?p=10841"},"modified":"2017-05-02T09:44:29","modified_gmt":"2017-05-02T12:44:29","slug":"macri-anuncio-programa-oficial-para-que-empleadores-paguen-menos-salarios","status":"publish","type":"post","link":"https:\/\/www.actualidadadiario.com\/index.php\/2017\/05\/02\/macri-anuncio-programa-oficial-para-que-empleadores-paguen-menos-salarios\/","title":{"rendered":"Macri anunci\u00f3 programa oficial para que empleadores paguen menos salarios"},"content":{"rendered":"<p><em><strong>Se trata de un plan oficial por medio del cual toda empresa que tome a beneficiarios de planes sociales se ver\u00e1 beneficiada; es decir, parte del sueldo correspondiente lo pagar\u00e1 el Estado<\/strong><\/em><\/p>\n<p>&nbsp;<\/p>\n<p>&nbsp;<\/p>\n<p>&nbsp;<\/p>\n<p>Durante el acto del D\u00eda del Trabajador que le organiz\u00f3 Ger\u00f3nimo \u2018Momo\u2019 Venegas en el microestadio de Ferro, Mauricio Macri del \u201ccambio\u201d que se inici\u00f3 con su gobierno \u201cy recorre la Argentina, y lo digo sabiendo que hay mucha gente que no lo puede sentir. Pero a ellos les quiero decir que vamos por el buen camino\u201d.<\/p>\n<p>&nbsp;<\/p>\n<p>\u201cEl trabajo nos hace ser quienes somos, el trabajo nos da dignidad, nos levanta la autoestima y nos permite decir que hacemos un aporte al pa\u00eds que queremos. \u00a1Y vamos a crear trabajo para todos los argentinos!\u201d, dijo el Presidente que, seg\u00fan las cifras oficiales, viene destruyendo puestos de trabajo desde que inici\u00f3 su gesti\u00f3n.<\/p>\n<p>&nbsp;<\/p>\n<p>No obstante dijo que \u201ccada decisi\u00f3n ha sido tomada para que haya m\u00e1s trabajo, desde bajar la inflaci\u00f3n\u201d, sostuvo, contrariando tambi\u00e9n los guarismos del propio Indec, que muestran que la inflaci\u00f3n no baja y que no se crea empleo sino todo lo contrario.<\/p>\n<p>&nbsp;<\/p>\n<p>Tras recordar que en la crisis que desemboc\u00f3 en 2001 \u201ctodos estamos de acuerdo con que el Estado d\u00e9 una mano a esa gente que se qued\u00f3 sin trabajo\u201d y algunas iniciativas vinculadas a las pymes y a los emprendedores, el Presidente habl\u00f3 del \u201cempalme\u201d.<\/p>\n<p>&nbsp;<\/p>\n<p>Con eso adelant\u00f3 que quienes cobran un plan social y consigan trabajo, a trav\u00e9s de un programa en el que no perder\u00e1n su beneficio, sino que el mismo pasar\u00e1 a beneficiar a los eventuales patrones: \u00e9stos abonar\u00e1n solo la diferencia entre el salario correspondiente y el plan que cobra su eventual empleado. Parte del salario, en definitiva, seguir\u00e1 abon\u00e1ndolo el Estado.<\/p>\n<p>&nbsp;<\/p>\n<p>Se trata del mismo principio que Macri viene aplicando en diferentes servicios, como electricidad y gas: saca beneficios o subsidios al consumir para trasladarlos a las empresas que prestan ese servicio.<\/p>\n<p>&nbsp;<\/p>\n<p>Para rematarla, el acto concluy\u00f3 con la Marcha Peronista&#8230;<\/p>\n","protected":false},"excerpt":{"rendered":"<p>Se trata de un plan oficial por medio del cual toda empresa que tome a beneficiarios de planes sociales se ver\u00e1 beneficiada; es decir, parte del sueldo correspondiente lo pagar\u00e1 el Estado &nbsp; &nbsp; &nbsp; Durante el acto del D\u00eda del Trabajador que le organiz\u00f3 Ger\u00f3nimo \u2018Momo\u2019 Venegas en el microestadio de Ferro, Mauricio Macri del \u201ccambio\u201d que se inici\u00f3 con su gobierno \u201cy recorre la Argentina, y lo digo sabiendo que hay mucha gente que no lo puede sentir. Pero a ellos les quiero decir que vamos por el&#8230;<\/p>\n","protected":false},"author":3,"featured_media":10842,"comment_status":"closed","ping_status":"closed","sticky":false,"template":"","format":"standard","meta":[],"categories":[18],"tags":[],"_links":{"self":[{"href":"https:\/\/www.actualidadadiario.com\/index.php\/wp-json\/wp\/v2\/posts\/10841"}],"collection":[{"href":"https:\/\/www.actualidadadiario.com\/index.php\/wp-json\/wp\/v2\/posts"}],"about":[{"href":"https:\/\/www.actualidadadiario.com\/index.php\/wp-json\/wp\/v2\/types\/post"}],"author":[{"embeddable":true,"href":"https:\/\/www.actualidadadiario.com\/index.php\/wp-json\/wp\/v2\/users\/3"}],"replies":[{"embeddable":true,"href":"https:\/\/www.actualidadadiario.com\/index.php\/wp-json\/wp\/v2\/comments?post=10841"}],"version-history":[{"count":1,"href":"https:\/\/www.actualidadadiario.com\/index.php\/wp-json\/wp\/v2\/posts\/10841\/revisions"}],"predecessor-version":[{"id":10843,"href":"https:\/\/www.actualidadadiario.com\/index.php\/wp-json\/wp\/v2\/posts\/10841\/revisions\/10843"}],"wp:featuredmedia":[{"embeddable":true,"href":"https:\/\/www.actualidadadiario.com\/index.php\/wp-json\/wp\/v2\/media\/10842"}],"wp:attachment":[{"href":"https:\/\/www.actualidadadiario.com\/index.php\/wp-json\/wp\/v2\/media?parent=10841"}],"wp:term":[{"taxonomy":"category","embeddable":true,"href":"https:\/\/www.actualidadadiario.com\/index.php\/wp-json\/wp\/v2\/categories?post=10841"},{"taxonomy":"post_tag","embeddable":true,"href":"https:\/\/www.actualidadadiario.com\/index.php\/wp-json\/wp\/v2\/tags?post=10841"}],"curies":[{"name":"wp","href":"https:\/\/api.w.org\/{rel}","templated":true}]}}