{"id":108398,"date":"2023-09-22T11:36:50","date_gmt":"2023-09-22T14:36:50","guid":{"rendered":"https:\/\/www.actualidadadiario.com\/?p=108398"},"modified":"2023-09-22T11:36:50","modified_gmt":"2023-09-22T14:36:50","slug":"comenzo-la-siembra-de-arroz-en-entre-rios-y-hay-buenas-expectativas","status":"publish","type":"post","link":"https:\/\/www.actualidadadiario.com\/index.php\/2023\/09\/22\/comenzo-la-siembra-de-arroz-en-entre-rios-y-hay-buenas-expectativas\/","title":{"rendered":"Comenz\u00f3 la siembra de arroz en Entre R\u00edos y  hay buenas expectativas"},"content":{"rendered":"<p style=\"text-align: center;\"><em><strong>En la provincia comenz\u00f3 la campa\u00f1a arrocera 2023\/24 con un avance de siembra del 3 % con respecto al \u00e1rea planificada. Dos factores est\u00e1n impulsando el crecimiento: la atractiva cotizaci\u00f3n del cereal en los mercados y la favorable relaci\u00f3n entre lo insumo\/producto<\/strong><\/em><\/p>\n<p>&nbsp;<\/p>\n<p>&nbsp;<\/p>\n<p>Seg\u00fan reporta el Sistema de Informaci\u00f3n de Bolsa de Cereales de Entre R\u00edos (Siber), este comienzo temprano de las labores es una respuesta a las previsiones meteorol\u00f3gicas que indican un aumento de las lluvias en el mes de octubre, lo que podr\u00eda retrasar la siembra.<\/p>\n<p>Se espera que el \u00e1rea planificada supere las 54.850 hect\u00e1reas (ha) sembradas en el ciclo anterior, especialmente en las zonas de riego que dependen de r\u00edos, arroyos y pozos. Sin embargo, existe una contraposici\u00f3n en la zona abastecida por represas, ya que hasta la fecha no se ha logrado recuperar los niveles \u00f3ptimos de agua para el riego.<\/p>\n<p>Para el Siber, dos factores principales est\u00e1n impulsando el crecimiento del \u00e1rea destinada al cultivo de arroz. En primer lugar, la atractiva cotizaci\u00f3n del cereal en los mercados y en segundo lugar la favorable relaci\u00f3n entre lo insumo\/producto.<\/p>\n","protected":false},"excerpt":{"rendered":"<p>En la provincia comenz\u00f3 la campa\u00f1a arrocera 2023\/24 con un avance de siembra del 3 % con respecto al \u00e1rea planificada. Dos factores est\u00e1n impulsando el crecimiento: la atractiva cotizaci\u00f3n del cereal en los mercados y la favorable relaci\u00f3n entre lo insumo\/producto &nbsp; &nbsp; Seg\u00fan reporta el Sistema de Informaci\u00f3n de Bolsa de Cereales de Entre R\u00edos (Siber), este comienzo temprano de las labores es una respuesta a las previsiones meteorol\u00f3gicas que indican un aumento de las lluvias en el mes de octubre, lo que podr\u00eda retrasar la siembra. Se&#8230;<\/p>\n","protected":false},"author":3,"featured_media":107880,"comment_status":"closed","ping_status":"closed","sticky":false,"template":"","format":"standard","meta":[],"categories":[15],"tags":[],"_links":{"self":[{"href":"https:\/\/www.actualidadadiario.com\/index.php\/wp-json\/wp\/v2\/posts\/108398"}],"collection":[{"href":"https:\/\/www.actualidadadiario.com\/index.php\/wp-json\/wp\/v2\/posts"}],"about":[{"href":"https:\/\/www.actualidadadiario.com\/index.php\/wp-json\/wp\/v2\/types\/post"}],"author":[{"embeddable":true,"href":"https:\/\/www.actualidadadiario.com\/index.php\/wp-json\/wp\/v2\/users\/3"}],"replies":[{"embeddable":true,"href":"https:\/\/www.actualidadadiario.com\/index.php\/wp-json\/wp\/v2\/comments?post=108398"}],"version-history":[{"count":1,"href":"https:\/\/www.actualidadadiario.com\/index.php\/wp-json\/wp\/v2\/posts\/108398\/revisions"}],"predecessor-version":[{"id":108399,"href":"https:\/\/www.actualidadadiario.com\/index.php\/wp-json\/wp\/v2\/posts\/108398\/revisions\/108399"}],"wp:featuredmedia":[{"embeddable":true,"href":"https:\/\/www.actualidadadiario.com\/index.php\/wp-json\/wp\/v2\/media\/107880"}],"wp:attachment":[{"href":"https:\/\/www.actualidadadiario.com\/index.php\/wp-json\/wp\/v2\/media?parent=108398"}],"wp:term":[{"taxonomy":"category","embeddable":true,"href":"https:\/\/www.actualidadadiario.com\/index.php\/wp-json\/wp\/v2\/categories?post=108398"},{"taxonomy":"post_tag","embeddable":true,"href":"https:\/\/www.actualidadadiario.com\/index.php\/wp-json\/wp\/v2\/tags?post=108398"}],"curies":[{"name":"wp","href":"https:\/\/api.w.org\/{rel}","templated":true}]}}