{"id":108390,"date":"2023-09-22T11:34:20","date_gmt":"2023-09-22T14:34:20","guid":{"rendered":"https:\/\/www.actualidadadiario.com\/?p=108390"},"modified":"2023-09-22T11:34:20","modified_gmt":"2023-09-22T14:34:20","slug":"bahl-recorrio-la-paz-y-dialogo-con-comerciantes-y-vecinos","status":"publish","type":"post","link":"https:\/\/www.actualidadadiario.com\/index.php\/2023\/09\/22\/bahl-recorrio-la-paz-y-dialogo-con-comerciantes-y-vecinos\/","title":{"rendered":"Bahl recorri\u00f3 La Paz y dialog\u00f3 con comerciantes y vecinos"},"content":{"rendered":"<p style=\"text-align: center;\"><em><strong>Este jueves, el candidato a Gobernador por M\u00e1s para Entre R\u00edos, Ad\u00e1n Bahl, visit\u00f3 La Paz Entre otras actividades, recorri\u00f3 calle Moreno y dialog\u00f3 con comerciantes y vecinos<\/strong><\/em><\/p>\n<p>&nbsp;<\/p>\n<p>&nbsp;<\/p>\n<p>\u201cGracias al comercio, miles de entrerrianos sostienen a sus familias\u201d, sostuvo \u00b7 Y remarc\u00f3: \u201cNuestro objetivo es apoyarlos para que crezcan y se proyecten a futuro\u201d.<\/p>\n<p>Este jueves, el candidato a Gobernador por M\u00e1s para Entre R\u00edos, Ad\u00e1n Bahl, visit\u00f3 La Paz. Entre otras actividades, recorri\u00f3 calle Moreno y dialog\u00f3 con comerciantes y vecinos. \u201cGracias al comercio, miles de entrerrianos sostienen a sus familias. Nuestro objetivo es apoyarlos para que crezcan y se proyecten a futuro\u201d, sostuvo.<\/p>\n<p>\u201cDetr\u00e1s de estos locales hay a\u00f1os de trabajo, sue\u00f1os y legados familiares. Nuestro objetivo es apoyar a los comerciantes para que crezcan y se proyecten a futuro\u201d, destac\u00f3 Bahl y agreg\u00f3: \u201cEs lo que hicimos en Paran\u00e1, invirtiendo en la transformaci\u00f3n de la Peatonal y de las avenidas comerciales para hacerlos m\u00e1s visibles, promoviendo el turismo, agilizando el estado, facilitando los tr\u00e1mites, generando sistemas de cr\u00e9ditos m\u00e1s flexibles. Y es lo que vamos a impulsar en toda la provincia\u201d.<\/p>\n<p>En ese marco, dijo que \u201clos entrerrianos sabemos que este es el camino para ir por m\u00e1s trabajo y desarrollo para Entre R\u00edos\u201d. Y concluy\u00f3: \u201cEl gobernador Gustavo Bordet nos deja una provincia ordenada y en marcha. Ahora tenemos que ir por un salto de calidad, con m\u00e1s oportunidades para nuestros j\u00f3venes, acompa\u00f1ando a quienes generan riqueza y empleo, al comercio, la industria, la producci\u00f3n, las empresas\u201d.<\/p>\n<p>Durante la jornada, Bahl mantuvo un encuentro de trabajo con representantes de la Asociaci\u00f3n de Promoci\u00f3n Econ\u00f3mica Regional, administradores del Parque Industrial; y se reuni\u00f3 con integrantes del Consejo de Administraci\u00f3n Cooperativa de Electricidad.<\/p>\n<p>Participaron la candidata a Senadora por el departamento, Patricia D\u00edaz; y el candidato a Diputado, Sergio Castrill\u00f3n. La candidata a Diputada nacional, Brenda Ulman; el candidato a Intendente, Jos\u00e9 Carlos Aimone; y la candidata a Viceintendenta, Mar\u00eda Laura Saad; adem\u00e1s de los precandidatos que participaron de la interna, Dar\u00edo Engelmann y Federico Cejas.<\/p>\n","protected":false},"excerpt":{"rendered":"<p>Este jueves, el candidato a Gobernador por M\u00e1s para Entre R\u00edos, Ad\u00e1n Bahl, visit\u00f3 La Paz Entre otras actividades, recorri\u00f3 calle Moreno y dialog\u00f3 con comerciantes y vecinos &nbsp; &nbsp; \u201cGracias al comercio, miles de entrerrianos sostienen a sus familias\u201d, sostuvo \u00b7 Y remarc\u00f3: \u201cNuestro objetivo es apoyarlos para que crezcan y se proyecten a futuro\u201d. Este jueves, el candidato a Gobernador por M\u00e1s para Entre R\u00edos, Ad\u00e1n Bahl, visit\u00f3 La Paz. Entre otras actividades, recorri\u00f3 calle Moreno y dialog\u00f3 con comerciantes y vecinos. \u201cGracias al comercio, miles de entrerrianos&#8230;<\/p>\n","protected":false},"author":3,"featured_media":108391,"comment_status":"closed","ping_status":"closed","sticky":false,"template":"","format":"standard","meta":[],"categories":[15],"tags":[],"_links":{"self":[{"href":"https:\/\/www.actualidadadiario.com\/index.php\/wp-json\/wp\/v2\/posts\/108390"}],"collection":[{"href":"https:\/\/www.actualidadadiario.com\/index.php\/wp-json\/wp\/v2\/posts"}],"about":[{"href":"https:\/\/www.actualidadadiario.com\/index.php\/wp-json\/wp\/v2\/types\/post"}],"author":[{"embeddable":true,"href":"https:\/\/www.actualidadadiario.com\/index.php\/wp-json\/wp\/v2\/users\/3"}],"replies":[{"embeddable":true,"href":"https:\/\/www.actualidadadiario.com\/index.php\/wp-json\/wp\/v2\/comments?post=108390"}],"version-history":[{"count":1,"href":"https:\/\/www.actualidadadiario.com\/index.php\/wp-json\/wp\/v2\/posts\/108390\/revisions"}],"predecessor-version":[{"id":108392,"href":"https:\/\/www.actualidadadiario.com\/index.php\/wp-json\/wp\/v2\/posts\/108390\/revisions\/108392"}],"wp:featuredmedia":[{"embeddable":true,"href":"https:\/\/www.actualidadadiario.com\/index.php\/wp-json\/wp\/v2\/media\/108391"}],"wp:attachment":[{"href":"https:\/\/www.actualidadadiario.com\/index.php\/wp-json\/wp\/v2\/media?parent=108390"}],"wp:term":[{"taxonomy":"category","embeddable":true,"href":"https:\/\/www.actualidadadiario.com\/index.php\/wp-json\/wp\/v2\/categories?post=108390"},{"taxonomy":"post_tag","embeddable":true,"href":"https:\/\/www.actualidadadiario.com\/index.php\/wp-json\/wp\/v2\/tags?post=108390"}],"curies":[{"name":"wp","href":"https:\/\/api.w.org\/{rel}","templated":true}]}}