{"id":108387,"date":"2023-09-22T11:33:30","date_gmt":"2023-09-22T14:33:30","guid":{"rendered":"https:\/\/www.actualidadadiario.com\/?p=108387"},"modified":"2023-09-22T11:33:30","modified_gmt":"2023-09-22T14:33:30","slug":"bordet-inauguro-100-viviendas-en-la-paz-y-llamo-a-trabajar-para-los-vecinos-y-las-vecinas","status":"publish","type":"post","link":"https:\/\/www.actualidadadiario.com\/index.php\/2023\/09\/22\/bordet-inauguro-100-viviendas-en-la-paz-y-llamo-a-trabajar-para-los-vecinos-y-las-vecinas\/","title":{"rendered":"Bordet inaugur\u00f3 100 viviendas en La Paz y llam\u00f3 a trabajar para los vecinos y las vecinas"},"content":{"rendered":"<p style=\"text-align: center;\"><em><strong>El gobernador Gustavo Bordet inaugur\u00f3 100 viviendas en La Paz junto a los intendentes de esa ciudad, Bruno Sarubi, y de Paran\u00e1, Ad\u00e1n Bahl. \u201cLas diferencias pol\u00edticas nunca impidieron que trabajemos para los vecinos\u201d, afirm\u00f3 el mandatario y convoc\u00f3 a cuidar el disenso que caracteriza la democracia<\/strong><\/em><\/p>\n<p>&nbsp;<\/p>\n<p>&nbsp;<\/p>\n<p>\u201cQuer\u00eda estar presente en este acto porque haber terminado estas 100 viviendas es un momento muy importante y muy esperado por las familias\u201d, manifest\u00f3 Bordet al tomar la palabra.<\/p>\n<p>\u201cRecuerdo muy bien aquellos episodios cuando empez\u00e1bamos la gesti\u00f3n. La inundaci\u00f3n y la lluvia produjeron una cat\u00e1strofe en La Paz. Tuvimos que trabajar mucho para solucionar los problemas. Pero lo cierto es que hoy hay 100 familias que cumplen el sue\u00f1o del techo propio y nosotros cumplimos con el derecho constitucional que es el acceso a una vivienda digna\u201d, expres\u00f3 el mandatario.<\/p>\n<p>En ese marco, Bordet destac\u00f3 el trabajo articulado con el intendente Sarubi, \u201ccon quien pertenecemos a espacios pol\u00edticos diferentes\u201d, record\u00f3, pero con el que \u201clas diferencias pol\u00edticas nunca impidieron que trabajemos para los vecinos\u201d.<\/p>\n<p>\u201cLa democracia es as\u00ed: nos permite mantener disensos, pero tambi\u00e9n convivir y compartir, con las alegr\u00edas que eso conlleva\u201d, indic\u00f3 y record\u00f3 que la Argentina est\u00e1 cumpliendo \u201c40 a\u00f1os de democracia y hay que cuidarla\u201d.<\/p>\n<p>Adem\u00e1s puso de relieve que \u201cvolver a este sal\u00f3n, a esta escuela que inauguramos el a\u00f1o pasado, resulta de las cosas m\u00e1s gratificantes de la gesti\u00f3n porque, en definitiva, es cumplir con lo que nos toca: inaugurar una escuela, viviendas, el acceso nuevo por el sur\u201d.<\/p>\n<p>\u201cLes agradezco a los vecinos de esta hermosa ciudad que es La Paz, el acompa\u00f1amiento pero, por sobre todo, el afecto que he sentido cada vez que vine y estuve aqu\u00ed. Y cr\u00e9anme que es rec\u00edproco, que tambi\u00e9n siento el mismo afecto por ustedes\u201d, valor\u00f3 Bordet.<\/p>\n<p>En ese marco, anunci\u00f3 que \u201cantes de fin de a\u00f1o voy a volver a La Paz porque vamos a estar terminando 64 viviendas que se construyen por el IAPV y tambi\u00e9n, quiz\u00e1 bastante antes de fin de a\u00f1o, porque aqu\u00ed cerca, en la Colonia San Carlos, estamos terminando la obra de la nueva Escuela Agrot\u00e9cnica para esa zona\u201d.<\/p>\n<p>La ceremonia se desarroll\u00f3 en el sal\u00f3n de usos m\u00faltiples (SUM) de la Escuela Secundaria N\u00ba 15 Domingo French. Las 100 viviendas que se inauguraron durante el acto fueron incluidas en 2021 en el Programa Reconstruir Argentina, gracias a las gestiones del gobernador Bordet.<\/p>\n<p>&nbsp;<\/p>\n<p><strong>Estamos para poner el hombro<\/strong><\/p>\n<p>Asimismo, Bordet record\u00f3 que \u201cnos queda mucho por hacer, pero estamos para poner el hombro\u201d. Insisti\u00f3 con que \u201chay pol\u00edticas p\u00fablicas que no pueden pararse y que tienen que trascender gestiones\u201d, y destac\u00f3 el impacto de la Ley de Comunas que otorg\u00f3 \u201cautonom\u00eda a lo que antes eran juntas de gobierno y multiplic\u00f3 por cinco su presupuesto\u201d. \u201cEsto permiti\u00f3 que muchas comunas del departamento La Paz puedan desarrollarse\u201d, dijo y puso como ejemplo a Omb\u00fa, El Solar y Alcaraz Sur.<\/p>\n<p>Por otra parte, el mandatario entrerriano puso de relieve que \u201clogramos algo muy importante no solo para La Paz, sino para todo el norte entrerriano, que es empezar la adjudicaci\u00f3n de la obra de terapia intensiva del Hospital 9 de Julio. Esto va a permitir que mucha gente pueda resolver sus problemas\u201d.<\/p>\n<p>\u201cVenimos de inaugurar el hospital modular de Santa Elena, que fortalece el servicio de salud p\u00fablica\u201d, explic\u00f3 y realiz\u00f3 un nuevo compromiso: \u201cquiero decir p\u00fablicamente que vamos a solucionar el tema de la anestesista en Santa Elena, para que los chicos nazcan all\u00ed\u201d. Acto seguido, en el marco del d\u00eda de la Sanidad, salud\u00f3 \u201ca todos los m\u00e9dicos, medicas, enfermeros, enfermeras y al personal que, en momentos muy dif\u00edciles, ayudaron y colaboraron para salvar muchas vidas\u201d.<\/p>\n<p>\u201cNos queda todav\u00eda tiempo de gesti\u00f3n, pero quiero agradecer el acompa\u00f1amiento que he tenido\u201d, reiter\u00f3, ahora para citar al intendente pace\u00f1o Bruno Sarubi, al diputado Sergio Castrill\u00f3n, a los intendentes de Bovril (Jos\u00e9 Luis Guillig), San Gustavo (C\u00e9sar Simino), Piedras Blancas (Fabricio Mesquida), Santa Elena (Daniel Rossi) y a la secretaria de Turismo, Mar\u00eda Laura Saad.<\/p>\n<p>&nbsp;<\/p>\n<p><strong>No es un acto m\u00e1s<\/strong><\/p>\n<p>Por su parte, el intendente de La Paz, Bruno Sarubi, sostuvo que &#8220;no es un acto m\u00e1s, no es una entrega m\u00e1s, porque estas viviendas est\u00e1n marcadas por una de las cat\u00e1strofes naturales m\u00e1s grandes que tuvo nuestra ciudad en los \u00faltimos 50 a\u00f1os, que nos marc\u00f3 a toda la comunidad&#8221;.<\/p>\n<p>El intendente agradeci\u00f3 &#8220;al presidente del IAPV, al gobierno de la provincia y al gobernador Bordet con quien hemos podido concretar tantas obras juntos en estos ocho a\u00f1os\u201d, y valor\u00f3 que con &#8220;hemos tenido la responsabilidad de mirar los problemas de la gente sin distinci\u00f3n pol\u00edtica&#8221;.<\/p>\n<p>&nbsp;<\/p>\n<p><strong>Una tragedia<\/strong><\/p>\n<p>En tanto, el diputado provincial Sergio Castrill\u00f3n, asegur\u00f3 que estas viviendas &#8220;son producto de una tragedia&#8221;, en referencia a la inundaci\u00f3n de 2016, y record\u00f3 que &#8220;las viviendas corresponden a un plan de 300 que prometi\u00f3 el gobierno nacional anterior, fueron abandonadas y solamente hay 100&#8221;.<\/p>\n<p>El legislador provincial subray\u00f3 que &#8220;estos gobiernos, nacional y provincial, de Alberto Fern\u00e1ndez y Gustavo Bordet, a trav\u00e9s del Programa Reconstruir Argentina, hoy permite que estas 100 viviendas sean entregadas. Esa es la realidad\u201d.<\/p>\n<p>Para finalizar, Castrill\u00f3n resalt\u00f3, adem\u00e1s, que &#8220;gracias a un gobierno como el de Gustavo Bordet tenemos la posibilidad de tener esta escuela French modelo, que existen muy pocas en la provincia&#8221;.<\/p>\n<p>&nbsp;<\/p>\n<p><strong>Derecho para toda la vida<\/strong><\/p>\n<p>Por su parte, el intendente de Paran\u00e1, Ad\u00e1n Bahl, dijo que &#8220;la casa propia es un derecho para toda la vida; es lo que nos permite cobijar y darle seguridad a nuestra familia y construir el legado para nuestros hijos\u201d. En este sentido, agreg\u00f3 que \u201cinvertir en planes de vivienda es lo que diferencia a un buen de un mal gobierno. Los entrerrianos sabemos eso\u201d.<\/p>\n<p>Subray\u00f3 que \u201cno nos vamos a dejar enga\u00f1ar por quienes en tiempo de elecciones nos prometen casas, pero cuando gobernaron suspendieron todos los planes de vivienda. Los entrerrianos sabemos en qui\u00e9n confiar&#8221;.<\/p>\n<p>Participaron tambi\u00e9n del acto la ministra de Salud, Sonia Vel\u00e1zquez; el titular del Instituto Aut\u00e1rquico Provincial de la Vivienda (IAPV), Marcelo Bisogni; la presidenta de la Fundaci\u00f3n Iapser, Mariel \u00c1vila; la subsecretaria de la Juventud, Brenda Ulman; y la secretaria de Turismo, Mar\u00eda Laura Saad, entre otras autoridades.<\/p>\n<p>&nbsp;<\/p>\n<p><strong>Otras 25 nuevas viviendas<\/strong><\/p>\n<p>En la oportunidad, el gobernador entreg\u00f3 a las autoridades del Sindicato de Empleos de Comercios de La Paz, la resoluci\u00f3n a trav\u00e9s de la cual se autoriza a efectuar el llamado a licitaci\u00f3n para la ejecuci\u00f3n de 25 nuevas viviendas para trabajadores del sector. La obra cuenta con un presupuesto oficial de 307.707.590 pesos.<\/p>\n<p>&nbsp;<\/p>\n<p><strong>Obras y entregas<\/strong><\/p>\n<p>En la ceremonia, el gobierno provincial, a trav\u00e9s de la Subsecretar\u00eda de la Juventud, entreg\u00f3 22 aportes a j\u00f3venes emprendedores en el marco del Programa Incentivar Joven por m\u00e1s de 1,2 millones de pesos. Este programa tiene como objetivo fortalecer actividades econ\u00f3micas, productivas y servicios no profesionales a j\u00f3venes de 18 a 30 a\u00f1os.<\/p>\n<p>En la oportunidad, se entreg\u00f3 la resoluci\u00f3n a trav\u00e9s de la cual se adjudica la obra Infraestructura para la Terapia Intensiva del Hospital 9 de Julio de La Paz, obra que demandar\u00e1 una inversi\u00f3n de 37.002.199 pesos.<\/p>\n<p>Adem\u00e1s, se firm\u00f3 el contrato para la ejecuci\u00f3n de la obra Piedras Blancas 18 viviendas, que tiene un presupuesto de 207.321.766 pesos.<\/p>\n<p>Luego se entreg\u00f3 un aporte al Auto Club La Paz, por 15 millones de pesos destinados a asfalto e iluminaci\u00f3n del cartodromo de la instituci\u00f3n.<\/p>\n<p>En tanto, la municipalidad de San Gustavo, recibi\u00f3 un aporte de 18 millones de pesos para la compra de ripio.<\/p>\n<p>Tambi\u00e9n recibieron un aporte la municipalidad de Bovril y la comuna de Omb\u00fa, para la adquisici\u00f3n de un tractor. Uni\u00f3n F\u00fatbol Club, de Alcaraz recibi\u00f3 un aporte de 11 millones de pesos para la construcci\u00f3n de un polideportivo techado.<\/p>\n","protected":false},"excerpt":{"rendered":"<p>El gobernador Gustavo Bordet inaugur\u00f3 100 viviendas en La Paz junto a los intendentes de esa ciudad, Bruno Sarubi, y de Paran\u00e1, Ad\u00e1n Bahl. \u201cLas diferencias pol\u00edticas nunca impidieron que trabajemos para los vecinos\u201d, afirm\u00f3 el mandatario y convoc\u00f3 a cuidar el disenso que caracteriza la democracia &nbsp; &nbsp; \u201cQuer\u00eda estar presente en este acto porque haber terminado estas 100 viviendas es un momento muy importante y muy esperado por las familias\u201d, manifest\u00f3 Bordet al tomar la palabra. \u201cRecuerdo muy bien aquellos episodios cuando empez\u00e1bamos la gesti\u00f3n. La inundaci\u00f3n y&#8230;<\/p>\n","protected":false},"author":3,"featured_media":108388,"comment_status":"closed","ping_status":"closed","sticky":false,"template":"","format":"standard","meta":[],"categories":[9,15],"tags":[],"_links":{"self":[{"href":"https:\/\/www.actualidadadiario.com\/index.php\/wp-json\/wp\/v2\/posts\/108387"}],"collection":[{"href":"https:\/\/www.actualidadadiario.com\/index.php\/wp-json\/wp\/v2\/posts"}],"about":[{"href":"https:\/\/www.actualidadadiario.com\/index.php\/wp-json\/wp\/v2\/types\/post"}],"author":[{"embeddable":true,"href":"https:\/\/www.actualidadadiario.com\/index.php\/wp-json\/wp\/v2\/users\/3"}],"replies":[{"embeddable":true,"href":"https:\/\/www.actualidadadiario.com\/index.php\/wp-json\/wp\/v2\/comments?post=108387"}],"version-history":[{"count":1,"href":"https:\/\/www.actualidadadiario.com\/index.php\/wp-json\/wp\/v2\/posts\/108387\/revisions"}],"predecessor-version":[{"id":108389,"href":"https:\/\/www.actualidadadiario.com\/index.php\/wp-json\/wp\/v2\/posts\/108387\/revisions\/108389"}],"wp:featuredmedia":[{"embeddable":true,"href":"https:\/\/www.actualidadadiario.com\/index.php\/wp-json\/wp\/v2\/media\/108388"}],"wp:attachment":[{"href":"https:\/\/www.actualidadadiario.com\/index.php\/wp-json\/wp\/v2\/media?parent=108387"}],"wp:term":[{"taxonomy":"category","embeddable":true,"href":"https:\/\/www.actualidadadiario.com\/index.php\/wp-json\/wp\/v2\/categories?post=108387"},{"taxonomy":"post_tag","embeddable":true,"href":"https:\/\/www.actualidadadiario.com\/index.php\/wp-json\/wp\/v2\/tags?post=108387"}],"curies":[{"name":"wp","href":"https:\/\/api.w.org\/{rel}","templated":true}]}}