{"id":108363,"date":"2023-09-21T13:49:07","date_gmt":"2023-09-21T16:49:07","guid":{"rendered":"https:\/\/www.actualidadadiario.com\/?p=108363"},"modified":"2023-09-21T13:49:07","modified_gmt":"2023-09-21T16:49:07","slug":"fernandez-califico-de-barrabasadas-y-atrocidades-las-ideas-de-la-libertad-avanza","status":"publish","type":"post","link":"https:\/\/www.actualidadadiario.com\/index.php\/2023\/09\/21\/fernandez-califico-de-barrabasadas-y-atrocidades-las-ideas-de-la-libertad-avanza\/","title":{"rendered":"Fern\u00e1ndez calific\u00f3 de &#8220;barrabasadas&#8221; y &#8220;atrocidades&#8221; las ideas de La Libertad Avanza"},"content":{"rendered":"<p style=\"text-align: center;\"><em><strong>El Presidente encabeza en el Auditorio del Centro Cultural de la Ciencia el acto de entrega de legajos reparados de siete trabajadores del Conicet. Adem\u00e1s, se present\u00f3 un libro de la Comisi\u00f3n de la Memoria y se inaugura la muestra por los 65 a\u00f1os del organismo<\/strong><\/em><\/p>\n<p>&nbsp;<\/p>\n<p>&nbsp;<\/p>\n<p>El presidente Alberto Fern\u00e1ndez cuestion\u00f3 este jueves las &#8220;barrabasadas&#8221; y &#8220;atrocidades&#8221; de dirigentes de La Libertad Avanza (LLA), de cara a las pr\u00f3ximas elecciones presidenciales, y consider\u00f3 que deber\u00eda &#8220;haber una reacci\u00f3n de toda la sociedad argentina&#8221;.<\/p>\n<p>&#8220;Me preocupa much\u00edsimo que tengamos un momento electoral donde estemos discutiendo si la ciencia y la tecnolog\u00eda son importantes para el desarrollo nacional, me parece tremendo. Niegan la atrocidad de la dictadura, vuelven a instalar la teor\u00eda de los dos demonios. Esto s\u00f3lo los hace m\u00e1s atroces&#8221;, sostuvo el Presidente al encabezar el acto de entrega de legajos reparados de siete trabajadores del Consejo Nacional de Investigaciones Cient\u00edficas y T\u00e9cnicas (Conicet) que fueron v\u00edctimas del terrorismo de Estado, en un homenaje que cuenta con las presencias de familiares, amigos y allegados de las v\u00edctimas.<\/p>\n<p>El acto se realiz\u00f3 en el Polo Cient\u00edfico Tecnol\u00f3gico, y acompa\u00f1a al Presidente el ministro de Ciencia, Tecnolog\u00eda e Innovaci\u00f3n, Daniel Filmus, y la presidenta del Conicet, Ana Franchi, inform\u00f3 Presidencia en un comunicado.<\/p>\n<p>Del acto participaron adem\u00e1s Taty Almeida (Madres de Plaza de Mayo L\u00ednea Fundadora), el vicepresidente de Asuntos Tecnol\u00f3gicos del organismo, Roberto Rivarola, y las integrantes de la Comisi\u00f3n de la Memoria del Conicet, Mar\u00eda Josefina Lamais\u00f3n y Fabiana Bekerman, y Cecilia D \u0301Alessio, investigadora e hija de Enrique D \u0301Alessio, exonerado por la Junta Militar.<\/p>\n<p>Los legajos reparados y\/o reconstruidos fueron recibidos por familiares y\/o allegados\/as de: Eduardo Alfredo Pasquini, H\u00e9ctor Saraceno, Mar\u00eda del Carmen Sabino, Antonio Anselmo Misetich, Arturo Miguel Ros\u00e9s, Luis \u00c1ngel Dadone Hansen y Horacio Alberto Giusti.<\/p>\n<p>Adem\u00e1s durante el acto, se colocaron placas con sus respectivos nombres en la explanada del Polo Cient\u00edfico Tecnol\u00f3gico y se reconocer\u00e1 a integrantes del Conicet dados de baja por la Junta Militar.<\/p>\n<p>Al tiempo que, se present\u00f3 el libro &#8220;El Conicet en dictadura. Efectos del terrorismo de Estado en la ciencia argentina y formas de reparaci\u00f3n&#8221;, y se inaugurar\u00e1 la muestra \u201cCiencia es soberan\u00eda: un recorrido por los 65 a\u00f1os&#8221; del organismo, en el Centro Cultural de la Ciencia.<\/p>\n<p>Asimismo, qued\u00f3 inaugurada en el C3 la Muestra &#8220;Ciencia es soberan\u00eda: un recorrido por los 65 a\u00f1os del Conicet&#8221;, producida por la Direcci\u00f3n de Relaciones Institucionales del Consejo.<\/p>\n","protected":false},"excerpt":{"rendered":"<p>El Presidente encabeza en el Auditorio del Centro Cultural de la Ciencia el acto de entrega de legajos reparados de siete trabajadores del Conicet. Adem\u00e1s, se present\u00f3 un libro de la Comisi\u00f3n de la Memoria y se inaugura la muestra por los 65 a\u00f1os del organismo &nbsp; &nbsp; El presidente Alberto Fern\u00e1ndez cuestion\u00f3 este jueves las &#8220;barrabasadas&#8221; y &#8220;atrocidades&#8221; de dirigentes de La Libertad Avanza (LLA), de cara a las pr\u00f3ximas elecciones presidenciales, y consider\u00f3 que deber\u00eda &#8220;haber una reacci\u00f3n de toda la sociedad argentina&#8221;. &#8220;Me preocupa much\u00edsimo que tengamos&#8230;<\/p>\n","protected":false},"author":3,"featured_media":108364,"comment_status":"closed","ping_status":"closed","sticky":false,"template":"","format":"standard","meta":[],"categories":[18],"tags":[],"_links":{"self":[{"href":"https:\/\/www.actualidadadiario.com\/index.php\/wp-json\/wp\/v2\/posts\/108363"}],"collection":[{"href":"https:\/\/www.actualidadadiario.com\/index.php\/wp-json\/wp\/v2\/posts"}],"about":[{"href":"https:\/\/www.actualidadadiario.com\/index.php\/wp-json\/wp\/v2\/types\/post"}],"author":[{"embeddable":true,"href":"https:\/\/www.actualidadadiario.com\/index.php\/wp-json\/wp\/v2\/users\/3"}],"replies":[{"embeddable":true,"href":"https:\/\/www.actualidadadiario.com\/index.php\/wp-json\/wp\/v2\/comments?post=108363"}],"version-history":[{"count":1,"href":"https:\/\/www.actualidadadiario.com\/index.php\/wp-json\/wp\/v2\/posts\/108363\/revisions"}],"predecessor-version":[{"id":108365,"href":"https:\/\/www.actualidadadiario.com\/index.php\/wp-json\/wp\/v2\/posts\/108363\/revisions\/108365"}],"wp:featuredmedia":[{"embeddable":true,"href":"https:\/\/www.actualidadadiario.com\/index.php\/wp-json\/wp\/v2\/media\/108364"}],"wp:attachment":[{"href":"https:\/\/www.actualidadadiario.com\/index.php\/wp-json\/wp\/v2\/media?parent=108363"}],"wp:term":[{"taxonomy":"category","embeddable":true,"href":"https:\/\/www.actualidadadiario.com\/index.php\/wp-json\/wp\/v2\/categories?post=108363"},{"taxonomy":"post_tag","embeddable":true,"href":"https:\/\/www.actualidadadiario.com\/index.php\/wp-json\/wp\/v2\/tags?post=108363"}],"curies":[{"name":"wp","href":"https:\/\/api.w.org\/{rel}","templated":true}]}}