{"id":108361,"date":"2023-09-21T13:48:17","date_gmt":"2023-09-21T16:48:17","guid":{"rendered":"https:\/\/www.actualidadadiario.com\/?p=108361"},"modified":"2023-09-21T13:48:17","modified_gmt":"2023-09-21T16:48:17","slug":"javier-milei-esta-en-un-proceso-de-fascinacion-con-el-peronismo-segun-patricia-bullrich","status":"publish","type":"post","link":"https:\/\/www.actualidadadiario.com\/index.php\/2023\/09\/21\/javier-milei-esta-en-un-proceso-de-fascinacion-con-el-peronismo-segun-patricia-bullrich\/","title":{"rendered":"Javier Milei est\u00e1 en &#8220;un proceso de fascinaci\u00f3n con el peronismo&#8221;, seg\u00fan Patricia Bullrich"},"content":{"rendered":"<p style=\"text-align: center;\"><em><strong>Bullrich profundiz\u00f3 sus diferencias con Milei. &#8220;Es una persona que est\u00e1 muy sola&#8221;, dijo y alert\u00f3 que el oficialismo lo usa para &#8220;quedarse prendido de la teta del poder&#8221;<\/strong><\/em><\/p>\n<p>&nbsp;<\/p>\n<p>&nbsp;<\/p>\n<p>La candidata a presidenta por Juntos por el Cambio (JxC), Patricia Bullrich, apunt\u00f3 a Javier Milei y acus\u00f3 al oficialismo de intentar cooptarlo hacia su espacio, algo que para ella es &#8220;la b\u00fasqueda del kirchnerismo de agarrar lo que es m\u00e1s d\u00e9bil para quedarse prendido de la teta del poder&#8221;. Consider\u00f3 que el candidato de ultraderecha est\u00e1 &#8220;en un proceso de fascinaci\u00f3n con sectores del peronismo&#8221;.<\/p>\n<p>A un mes de las Elecciones 2023, la exministra de Seguridad habl\u00f3 sobre temas de agenda como el Impuesto a las Ganancias, las acciones de campa\u00f1a de Uni\u00f3n por la Patria (UxP) y su competencia de cara a los comicios.<\/p>\n<p>En ese contexto, Bullrich cuestion\u00f3 en di\u00e1logo con Radio Rivadavia a Milei, alguien que para ella es &#8220;una persona que est\u00e1 muy sola, que no tiene equipos, ni gobernadores, ni diputados capaces de asentar un gobierno&#8221;.<\/p>\n<p>&#8220;Por eso es puesto en ese lugar porque el peronismo siempre percibe que algo d\u00e9bil les permite volver r\u00e1pidamente al poder&#8221;, se\u00f1al\u00f3.<\/p>\n<p>&#8220;El intento de poner a Milei en la centralidad es la b\u00fasqueda del kirchnerismo de agarrar lo que es m\u00e1s d\u00e9bil para quedarse prendido de la teta del poder&#8221;, remarc\u00f3 la candidata de la coalici\u00f3n opositora, algo que para ella es &#8220;una centralidad construida fundamentalmente para intentar sacar de escena a quienes somos los verdaderos opositores al gobierno&#8221;.<\/p>\n<p>&nbsp;<\/p>\n<p><strong>Acus\u00f3 al kirchnerismo de intentar cooptar a Milei hacia sus espacios<\/strong><\/p>\n<p>La exministra de Mauricio Macri se refiri\u00f3 al encuentro que mantuvo el candidato de La Libertad Avanza con el sindicalista Luis Barrionuevo, quien se acerc\u00f3 para trabajar de conjunto en la campa\u00f1a, y calific\u00f3 a los kirchneristas de &#8220;vivos&#8221;. &#8220;Milei est\u00e1 en un proceso de fascinaci\u00f3n con sectores del peronismo&#8221;, asegur\u00f3.<\/p>\n<p>Respecto a quienes especulan un posible pacto pol\u00edtico entre Massa y Milei, luego de que \u00e9ste \u00faltimo votara a favor del nuevo proyecto del Impuesto a las Ganancias, Bullrich sostuvo que &#8220;es m\u00e1s una ingenuidad que un pacto hecho a la sombra&#8221;. En la sesi\u00f3n de la C\u00e1mara de Diputados, el candidato de ultraderecha vot\u00f3 a favor de la iniciativa, s\u00f3lo el bloque JxC y quienes corresponden a Juan Schiaretti qued\u00e1ndose con los votos en contra.<\/p>\n<p>&#8220;Conozco mucho la historia del kirchnerismo para entender que siempre ha actuado de la misma manera, cuando ve que hay algo que le puede competir, lo compra, se le mete adentro y le ofrece lo que no tiene&#8221;, ahond\u00f3. Desde su campa\u00f1a, Bullrich promete que una de sus ideas presidenciales es &#8220;exterminar el kirchnerismo para siempre&#8221; junto a su equipo, entre quienes est\u00e1 el economista Carlos Melconian.<\/p>\n<p>Sobre las intenciones que tiene el oficialismo con el Impuesto a las Ganancias, la candidata de JxC opin\u00f3 que &#8220;si queres bajar un impuesto tenes que bajar gastos. Estamos pagando de una manera brutal el impuesto inflacionario porque el nivel de aceleraci\u00f3n de la inflaci\u00f3n es muy preocupante&#8221;.<\/p>\n<p>&#8220;En este caso, hubo un acompa\u00f1amiento de Milei a bajar impuestos sin una contrapartida que es la base de un presupuesto. Si hay o no hay un pacto, no lo mirar\u00eda por ah\u00ed sino por la falta de compromiso con la gente. De no hablar con la verdad de lo que significa bajar un impuesto sin reducir el gasto&#8221;, concluy\u00f3.<\/p>\n","protected":false},"excerpt":{"rendered":"<p>Bullrich profundiz\u00f3 sus diferencias con Milei. &#8220;Es una persona que est\u00e1 muy sola&#8221;, dijo y alert\u00f3 que el oficialismo lo usa para &#8220;quedarse prendido de la teta del poder&#8221; &nbsp; &nbsp; La candidata a presidenta por Juntos por el Cambio (JxC), Patricia Bullrich, apunt\u00f3 a Javier Milei y acus\u00f3 al oficialismo de intentar cooptarlo hacia su espacio, algo que para ella es &#8220;la b\u00fasqueda del kirchnerismo de agarrar lo que es m\u00e1s d\u00e9bil para quedarse prendido de la teta del poder&#8221;. Consider\u00f3 que el candidato de ultraderecha est\u00e1 &#8220;en un&#8230;<\/p>\n","protected":false},"author":3,"featured_media":95283,"comment_status":"closed","ping_status":"closed","sticky":false,"template":"","format":"standard","meta":[],"categories":[18],"tags":[],"_links":{"self":[{"href":"https:\/\/www.actualidadadiario.com\/index.php\/wp-json\/wp\/v2\/posts\/108361"}],"collection":[{"href":"https:\/\/www.actualidadadiario.com\/index.php\/wp-json\/wp\/v2\/posts"}],"about":[{"href":"https:\/\/www.actualidadadiario.com\/index.php\/wp-json\/wp\/v2\/types\/post"}],"author":[{"embeddable":true,"href":"https:\/\/www.actualidadadiario.com\/index.php\/wp-json\/wp\/v2\/users\/3"}],"replies":[{"embeddable":true,"href":"https:\/\/www.actualidadadiario.com\/index.php\/wp-json\/wp\/v2\/comments?post=108361"}],"version-history":[{"count":1,"href":"https:\/\/www.actualidadadiario.com\/index.php\/wp-json\/wp\/v2\/posts\/108361\/revisions"}],"predecessor-version":[{"id":108362,"href":"https:\/\/www.actualidadadiario.com\/index.php\/wp-json\/wp\/v2\/posts\/108361\/revisions\/108362"}],"wp:featuredmedia":[{"embeddable":true,"href":"https:\/\/www.actualidadadiario.com\/index.php\/wp-json\/wp\/v2\/media\/95283"}],"wp:attachment":[{"href":"https:\/\/www.actualidadadiario.com\/index.php\/wp-json\/wp\/v2\/media?parent=108361"}],"wp:term":[{"taxonomy":"category","embeddable":true,"href":"https:\/\/www.actualidadadiario.com\/index.php\/wp-json\/wp\/v2\/categories?post=108361"},{"taxonomy":"post_tag","embeddable":true,"href":"https:\/\/www.actualidadadiario.com\/index.php\/wp-json\/wp\/v2\/tags?post=108361"}],"curies":[{"name":"wp","href":"https:\/\/api.w.org\/{rel}","templated":true}]}}