{"id":108358,"date":"2023-09-21T13:47:28","date_gmt":"2023-09-21T16:47:28","guid":{"rendered":"https:\/\/www.actualidadadiario.com\/?p=108358"},"modified":"2023-09-21T13:47:28","modified_gmt":"2023-09-21T16:47:28","slug":"la-comision-de-juicio-politico-analiza-el-fallo-de-la-corte-que-modifico-la-magistratura","status":"publish","type":"post","link":"https:\/\/www.actualidadadiario.com\/index.php\/2023\/09\/21\/la-comision-de-juicio-politico-analiza-el-fallo-de-la-corte-que-modifico-la-magistratura\/","title":{"rendered":"La Comisi\u00f3n de Juicio Pol\u00edtico analiza el fallo de la Corte que modific\u00f3 la Magistratura"},"content":{"rendered":"<p style=\"text-align: center;\"><em><strong>La Comisi\u00f3n de Juicio Pol\u00edtico de la C\u00e1mara baja comienza a debatir el fallo del m\u00e1ximo tribunal que modific\u00f3 la conformaci\u00f3n del cuerpo, una de las causales por las cuales el oficialismo promovi\u00f3 la acusaci\u00f3n contra los cuatro miembros del m\u00e1ximo tribunal<\/strong><\/em><\/p>\n<p>&nbsp;<\/p>\n<p>&nbsp;<\/p>\n<p>La Comisi\u00f3n de Juicio Pol\u00edtico de la C\u00e1mara de Diputados retom\u00f3 poco antes de las 11.30 su actividad con el an\u00e1lisis del fallo de la Corte Suprema de Justicia, que modific\u00f3 la conformaci\u00f3n del Consejo de la Magistratura, una de las causales por las cuales el oficialismo promovi\u00f3 la acusaci\u00f3n contra los cuatro miembros del m\u00e1ximo tribunal.<\/p>\n<p>La comisi\u00f3n -que preside la oficialista Carolina Gaillard- inici\u00f3 con la discusi\u00f3n sobre el fallo que repuso la ley derogada en 2006 y posibilit\u00f3 el retorno a la antigua composici\u00f3n del Consejo de la Magistratura.<\/p>\n<p>El an\u00e1lisis de esta cuesti\u00f3n por parte de la Comisi\u00f3n comenz\u00f3 luego de haber concluido la discusi\u00f3n acerca de la sentencia sobre coparticipaci\u00f3n que favoreci\u00f3 a la Ciudad de Buenos Aires al otorgar una cautelar a ese distrito.<\/p>\n<p>Para este encuentro fueron citados la directora general de Asuntos Jur\u00eddicos del Senado, Graciana Pe\u00f1afort; el expresidente del Colegio P\u00fablico de Abogados de la Capital Federal Jorge Rizzo y Roberto Saggese, secretario letrado de la Corte Suprema de Justicia de la Naci\u00f3n.<\/p>\n<p>&nbsp;<\/p>\n<p><strong>Los expedientes en an\u00e1lisis<\/strong><\/p>\n<p>El cuerpo legislativo analiza 14 expedientes de juicio pol\u00edtico contra los ministros de la Corte -Horacio Rosatti, Carlos Rosenkrantz, Juan Carlos Maqueda, y Ricardo Lorenzetti-, a quienes acusa de mal desempe\u00f1o de sus funciones por los fallos del 2&#215;1 que benefician a represores de la dictadura, el de modificaci\u00f3n del Consejo de la Magistratura, el de coparticipaci\u00f3n a favor del Gobierno porte\u00f1o y el de funcionamiento de la Obra Social del Poder Judicial.<\/p>\n<p>A abrir la reuni\u00f3n, Gaillard observ\u00f3 que van a circular entre los ministros el informe sobre el tema de obra social donde se acusa a Maqueda y que se comenzar\u00e1 a elaborar un documento sobre el fallo de la coparticipaci\u00f3n que benefici\u00f3 a la Ciudad de Buenos Aires, en el cual se se\u00f1alar\u00e1 &#8220;la responsabilidad compartida&#8221; de los jueces de la Corte en esa decisi\u00f3n.<\/p>\n<p>La diputada consign\u00f3 que esos informes formar\u00e1n parte de los dict\u00e1menes que se analizar\u00e1n en los pr\u00f3ximos meses ya que se emitir\u00e1 uno por cada juez de la Corte con la respectiva acusaci\u00f3n.<\/p>\n<p>Gaillard se\u00f1al\u00f3 que el fallo sobre el Consejo de la Magistratura sobre se tratar\u00e1 en esta reuni\u00f3n y en la pr\u00f3xima se analizar\u00e1 el expediente impulsado por la Coalici\u00f3n C\u00edvica contra Lorenzetti.<\/p>\n<p>Otro tema que volver\u00e1 a estar presente en los debates son los chats filtrados entre el exministro de Seguridad porte\u00f1o Marcelo D&#8217;Alessandro y Silvio Robles, estrecho asesor de Rosatti, ya que se refer\u00edan a ese fallo sobre el Consejo de la Magistratura, del cual el titular de la Corte tambi\u00e9n es presidente.<\/p>\n<p>En el proyecto del oficialismo se se\u00f1ala que los &#8220;chats publicados en distintos medios de prensa entre Robles y D&#8217;Alessandro consta que entre ambos existi\u00f3 una coordinaci\u00f3n y un asesoramiento directo desde la Corte hacia el Gobierno de la Ciudad respecto de c\u00f3mo proceder en el caso del Consejo de la Magistratura&#8221;.<\/p>\n<p>&nbsp;<\/p>\n<p><strong>El fallo sobre el Consejo de la Magistratura<\/strong><\/p>\n<p>La Corte declar\u00f3 en diciembre del 2021 inconstitucional la ley del Consejo de la Magistratura aprobada en 2006 -durante el Gobierno de N\u00e9stor Kirchner- por la cual se redujo de 20 a 13 el n\u00famero de integrantes del organismo encargado de seleccionar jueces, analizar su conducta y administrar el Poder Judicial.<\/p>\n<p>En ese marco, repuso la ley anulada, con lo cual se volvi\u00f3 a la composici\u00f3n de 20 miembros, que dej\u00f3 en manos de Rosatti la titularidad del Consejo.<\/p>\n<p>En el proyecto presentado por el oficialismo se se\u00f1ala que en el fallo sobre el Consejo se cont\u00f3 &#8220;con el voto favorable de los doctores Rosenkrantz y Maqueda, como as\u00ed tambi\u00e9n del doctor Rosatti, quien de tal modo se erigi\u00f3 en Presidente del Consejo, cuando elementales reglas \u00e9ticas le impon\u00edan, dado el contenido de la decisi\u00f3n que iba a adoptar la Corte, abstenerse de tomar parte de una resoluci\u00f3n que, obviamente, lo involucraba de manera directa&#8221;.<\/p>\n<p>En el proyecto se afirma adem\u00e1s que Rosatti &#8220;manipul\u00f3 la integraci\u00f3n del Consejo a los efectos de obtener las mayor\u00edas que le sean m\u00e1s beneficiosas, en un franco alzamiento e invasi\u00f3n a las facultades propias y excluyentes del Congreso de la Naci\u00f3n&#8221;.<\/p>\n<p>Tambi\u00e9n se se\u00f1ala que se &#8220;avanz\u00f3 indebidamente sobre la autonom\u00eda de la Honorable C\u00e1mara de Senadores, al determinar de forma arbitraria y autoritaria c\u00f3mo deb\u00edan organizarse los bloques en dicha C\u00e1mara. Ello implica una clara violaci\u00f3n constitucional a la autonom\u00eda del Senado de la Naci\u00f3n y a su reglamento, el que goza de raigambre constitucional&#8221;.<\/p>\n","protected":false},"excerpt":{"rendered":"<p>La Comisi\u00f3n de Juicio Pol\u00edtico de la C\u00e1mara baja comienza a debatir el fallo del m\u00e1ximo tribunal que modific\u00f3 la conformaci\u00f3n del cuerpo, una de las causales por las cuales el oficialismo promovi\u00f3 la acusaci\u00f3n contra los cuatro miembros del m\u00e1ximo tribunal &nbsp; &nbsp; La Comisi\u00f3n de Juicio Pol\u00edtico de la C\u00e1mara de Diputados retom\u00f3 poco antes de las 11.30 su actividad con el an\u00e1lisis del fallo de la Corte Suprema de Justicia, que modific\u00f3 la conformaci\u00f3n del Consejo de la Magistratura, una de las causales por las cuales el&#8230;<\/p>\n","protected":false},"author":3,"featured_media":108359,"comment_status":"closed","ping_status":"closed","sticky":false,"template":"","format":"standard","meta":[],"categories":[18],"tags":[],"_links":{"self":[{"href":"https:\/\/www.actualidadadiario.com\/index.php\/wp-json\/wp\/v2\/posts\/108358"}],"collection":[{"href":"https:\/\/www.actualidadadiario.com\/index.php\/wp-json\/wp\/v2\/posts"}],"about":[{"href":"https:\/\/www.actualidadadiario.com\/index.php\/wp-json\/wp\/v2\/types\/post"}],"author":[{"embeddable":true,"href":"https:\/\/www.actualidadadiario.com\/index.php\/wp-json\/wp\/v2\/users\/3"}],"replies":[{"embeddable":true,"href":"https:\/\/www.actualidadadiario.com\/index.php\/wp-json\/wp\/v2\/comments?post=108358"}],"version-history":[{"count":1,"href":"https:\/\/www.actualidadadiario.com\/index.php\/wp-json\/wp\/v2\/posts\/108358\/revisions"}],"predecessor-version":[{"id":108360,"href":"https:\/\/www.actualidadadiario.com\/index.php\/wp-json\/wp\/v2\/posts\/108358\/revisions\/108360"}],"wp:featuredmedia":[{"embeddable":true,"href":"https:\/\/www.actualidadadiario.com\/index.php\/wp-json\/wp\/v2\/media\/108359"}],"wp:attachment":[{"href":"https:\/\/www.actualidadadiario.com\/index.php\/wp-json\/wp\/v2\/media?parent=108358"}],"wp:term":[{"taxonomy":"category","embeddable":true,"href":"https:\/\/www.actualidadadiario.com\/index.php\/wp-json\/wp\/v2\/categories?post=108358"},{"taxonomy":"post_tag","embeddable":true,"href":"https:\/\/www.actualidadadiario.com\/index.php\/wp-json\/wp\/v2\/tags?post=108358"}],"curies":[{"name":"wp","href":"https:\/\/api.w.org\/{rel}","templated":true}]}}