{"id":108353,"date":"2023-09-21T13:45:51","date_gmt":"2023-09-21T16:45:51","guid":{"rendered":"https:\/\/www.actualidadadiario.com\/?p=108353"},"modified":"2023-09-21T13:45:51","modified_gmt":"2023-09-21T16:45:51","slug":"el-financial-times-revelo-quien-es-el-millonario-que-respalda-a-javier-milei","status":"publish","type":"post","link":"https:\/\/www.actualidadadiario.com\/index.php\/2023\/09\/21\/el-financial-times-revelo-quien-es-el-millonario-que-respalda-a-javier-milei\/","title":{"rendered":"El Financial Times revel\u00f3 qui\u00e9n es &#8220;el millonario que respalda a Javier Milei&#8221;"},"content":{"rendered":"<p style=\"text-align: center;\"><em><strong>Una entrevista del medio The Financial Times, publicada el martes puso la lupa sobre sobre la figura de &#8220;el millonario&#8221; que respalda al candidato a presidente por La Libertad Avanza<\/strong><\/em><\/p>\n<p>&nbsp;<\/p>\n<p>&nbsp;<\/p>\n<p>Una entrevista del medio The Financial Times, publicada el martes puso la lupa sobre sobre la figura de \u201cel millonario\u201d que respalda al candidato a presidente por La Libertad Avanza, Javier Milei, en medio de lo que el mismo diario ingl\u00e9s llama una \u201cola de escepticismo\u201d por parte de la elite empresarial para con el ganador de las elecciones Primarias, Abiertas, Simult\u00e1neas y Obligatorias (PASO).<\/p>\n<p>El art\u00edculo expone detalles detr\u00e1s el v\u00ednculo entre economista libertario y Eduardo Eurnekian, due\u00f1o de Corporaci\u00f3n Am\u00e9rica. Seg\u00fan reconstruye el peri\u00f3dico brit\u00e1nico, la relaci\u00f3n comenz\u00f3 desde el plano laboral. El \u201ctit\u00e1n corporativo\u201d, que hizo su fortuna dentro de los medios de comunicaci\u00f3n y en la industria aeron\u00e1utica, fue jefe de Milei desde 2008 hasta 2021.<\/p>\n<p>The Financial Times tambi\u00e9n marca similitudes entre el empresario y fil\u00e1ntropo de 90 a\u00f1os y el aspirante a la presidencia: \u201cNinguno de los dos fue a escuelas o clubes vinculados a la \u00e9lite argentina. Tampoco est\u00e1n casados. Y ambos son fren\u00e9ticos trabajadores ampliamente conocidos por sus personalidades irascibles\u201d.<\/p>\n<p>&nbsp;<\/p>\n<p><strong>\u00bfQu\u00e9 piensa Eduardo Eurneki\u00e1n de Javier Milei?<\/strong><\/p>\n<p>\u201cMilei es un economista, un tecn\u00f3crata. Alguien con propuestas que no son nuevas desde el punto de vista internacional y en quien conf\u00edo ser\u00e1 el candidato m\u00e1s promercado. Creo que ser\u00eda muy buen presidente\u201d, lo defini\u00f3 el fil\u00e1ntropo argentino de origen armenio en declaraciones al medio ingl\u00e9s.<\/p>\n<p>Luego, respecto de su desempe\u00f1o en lo laboral, el magnate de origen armenio destac\u00f3: \u201cEra muy buen empleado, informado y capacitado, una persona muy ser\u00eda. Su honestidad lo caracterizaba y eso es importante\u201d.<\/p>\n<p>No obstante, se expres\u00f3 en contra de su propuesta de dolarizaci\u00f3n, a la que calific\u00f3 como \u201cuna simplificaci\u00f3n\u201d de los problemas de la Argentina. \u201cMe parece rid\u00edculo adoptar el d\u00f3lar solo. Si su intenci\u00f3n [la de Javier Milei] es estabilizar la econom\u00eda, una vez que lo haya logrado \u00bfde qu\u00e9 servir\u00eda dolarizar?\u201d, remarc\u00f3.<\/p>\n<p>El propietario de Corporaci\u00f3n Am\u00e9rica tambi\u00e9n admiti\u00f3 desaprobar \u201cdetalles del comportamiento\u201d del candidato libertario. Entre ellos, tildar a referentes del oficialismo y oposici\u00f3n de \u201casesinos\u201d y lanzar dardos contra el Papa Francisco -Milei lo caracteriz\u00f3 como \u201cel representante del mal\u201d. \u201cFrancisco es un hombre al que respeto y que lucha por la paz\u201d lo reivindic\u00f3.<\/p>\n","protected":false},"excerpt":{"rendered":"<p>Una entrevista del medio The Financial Times, publicada el martes puso la lupa sobre sobre la figura de &#8220;el millonario&#8221; que respalda al candidato a presidente por La Libertad Avanza &nbsp; &nbsp; Una entrevista del medio The Financial Times, publicada el martes puso la lupa sobre sobre la figura de \u201cel millonario\u201d que respalda al candidato a presidente por La Libertad Avanza, Javier Milei, en medio de lo que el mismo diario ingl\u00e9s llama una \u201cola de escepticismo\u201d por parte de la elite empresarial para con el ganador de las&#8230;<\/p>\n","protected":false},"author":3,"featured_media":103326,"comment_status":"closed","ping_status":"closed","sticky":false,"template":"","format":"standard","meta":[],"categories":[18],"tags":[],"_links":{"self":[{"href":"https:\/\/www.actualidadadiario.com\/index.php\/wp-json\/wp\/v2\/posts\/108353"}],"collection":[{"href":"https:\/\/www.actualidadadiario.com\/index.php\/wp-json\/wp\/v2\/posts"}],"about":[{"href":"https:\/\/www.actualidadadiario.com\/index.php\/wp-json\/wp\/v2\/types\/post"}],"author":[{"embeddable":true,"href":"https:\/\/www.actualidadadiario.com\/index.php\/wp-json\/wp\/v2\/users\/3"}],"replies":[{"embeddable":true,"href":"https:\/\/www.actualidadadiario.com\/index.php\/wp-json\/wp\/v2\/comments?post=108353"}],"version-history":[{"count":1,"href":"https:\/\/www.actualidadadiario.com\/index.php\/wp-json\/wp\/v2\/posts\/108353\/revisions"}],"predecessor-version":[{"id":108354,"href":"https:\/\/www.actualidadadiario.com\/index.php\/wp-json\/wp\/v2\/posts\/108353\/revisions\/108354"}],"wp:featuredmedia":[{"embeddable":true,"href":"https:\/\/www.actualidadadiario.com\/index.php\/wp-json\/wp\/v2\/media\/103326"}],"wp:attachment":[{"href":"https:\/\/www.actualidadadiario.com\/index.php\/wp-json\/wp\/v2\/media?parent=108353"}],"wp:term":[{"taxonomy":"category","embeddable":true,"href":"https:\/\/www.actualidadadiario.com\/index.php\/wp-json\/wp\/v2\/categories?post=108353"},{"taxonomy":"post_tag","embeddable":true,"href":"https:\/\/www.actualidadadiario.com\/index.php\/wp-json\/wp\/v2\/tags?post=108353"}],"curies":[{"name":"wp","href":"https:\/\/api.w.org\/{rel}","templated":true}]}}