{"id":108351,"date":"2023-09-21T13:45:01","date_gmt":"2023-09-21T16:45:01","guid":{"rendered":"https:\/\/www.actualidadadiario.com\/?p=108351"},"modified":"2023-09-21T13:45:01","modified_gmt":"2023-09-21T16:45:01","slug":"mas-medidas-de-massa-prepara-un-refuerzo-para-tres-millones-de-trabajadores-en-negro","status":"publish","type":"post","link":"https:\/\/www.actualidadadiario.com\/index.php\/2023\/09\/21\/mas-medidas-de-massa-prepara-un-refuerzo-para-tres-millones-de-trabajadores-en-negro\/","title":{"rendered":"M\u00e1s medidas de Massa: prepara un refuerzo para tres millones de trabajadores en negro"},"content":{"rendered":"<p style=\"text-align: center;\"><em><strong>Seg\u00fan adelant\u00f3 el ministro de Econom\u00eda y candidato presidencial trabajan e la medida y &#8220;en los pr\u00f3ximos d\u00edas&#8221; quedar\u00e1 resuelto. &#8220;Tenemos que tratar de ayudar a enfrentar la situaci\u00f3n que represent\u00f3 la devaluaci\u00f3n que el FMI le impuso a la Argentina&#8221;, sostuvo<\/strong><\/em><\/p>\n<p>&nbsp;<\/p>\n<p>&nbsp;<\/p>\n<p>El ministro de Econom\u00eda y candidato a presidente, Sergio Massa, anunciar\u00e1 un refuerzo de ingresos para tres millones de trabajadores informales. Los equipos t\u00e9cnicos del Palacio de Hacienda y de la Anses mantienen reuniones para definir el monto y aceleran los tiempos para informarlo antes del fin de semana.<\/p>\n<p>&#8220;Estamos terminando de trabajar en una propuesta. Hay aproximadamente tres millones de argentinos que est\u00e1n dentro de la fuerza productiva de la Argentina pero fuera del sistema econ\u00f3mico formal, y los tenemos que tratar de ayudar a enfrentar la situaci\u00f3n que represent\u00f3 la devaluaci\u00f3n que el FMI le impuso a la Argentina. Estamos trabajando en alguna medida, en los pr\u00f3ximos d\u00edas la vamos a resolver&#8221;, sostuvo Massa en la se\u00f1al de noticias C5N.<\/p>\n<p>La idea del Ministerio de Econom\u00eda es anunciar la medida &#8220;cuanto antes&#8221; y la noticia podr\u00eda ser develada en las pr\u00f3ximas horas. De confirmarse, el Gobierno habr\u00eda cubierto a casi toda la poblaci\u00f3n activa tras la devaluaci\u00f3n forzada por el FMI el lunes posterior a los resultados de las PASO.<\/p>\n<p>Esta medida se sumar\u00e1\u00a0 a la suba del m\u00ednimo no imponible del Impuesto a las Ganancias para empleados que obtengan remuneraciones equivalentes a 15 salarios m\u00ednimos,\u00a0 que ahora busca revalidarlo en el Congreso tras la media sanci\u00f3n al proyecto en la C\u00e1mara de Diputados, y al nuevo programa de devoluci\u00f3n del Impuesto al Valor Agregado (IVA) para la canasta b\u00e1sica \u201cCompre sin IVA\u201d que entr\u00f3 en vigencia este lunes, por lo que ya es posible realizar compras con reintegro de un 21% para alrededor de 21 millones de personas.<\/p>\n<p>La medida, que devolver\u00e1 el 21% del IVA de los productos de la canasta b\u00e1sica, tendr\u00e1 un tope de devoluci\u00f3n de $ 18.800. En paralelo, el ministro de Econom\u00eda, Sergio Massa, envi\u00f3 un proyecto al Congreso en el que estipula que el tope ser\u00eda de 23.000 pesos. Abarcar\u00e1 a trabajadores en relaci\u00f3n de dependencia con ingresos de hasta seis Salarios M\u00ednimos, Vitales y M\u00f3viles, y quienes perciban jubilaciones, pensiones por fallecimiento y pensiones no contributivas nacionales con un m\u00e1ximo de seis haberes m\u00ednimos.<\/p>\n","protected":false},"excerpt":{"rendered":"<p>Seg\u00fan adelant\u00f3 el ministro de Econom\u00eda y candidato presidencial trabajan e la medida y &#8220;en los pr\u00f3ximos d\u00edas&#8221; quedar\u00e1 resuelto. &#8220;Tenemos que tratar de ayudar a enfrentar la situaci\u00f3n que represent\u00f3 la devaluaci\u00f3n que el FMI le impuso a la Argentina&#8221;, sostuvo &nbsp; &nbsp; El ministro de Econom\u00eda y candidato a presidente, Sergio Massa, anunciar\u00e1 un refuerzo de ingresos para tres millones de trabajadores informales. Los equipos t\u00e9cnicos del Palacio de Hacienda y de la Anses mantienen reuniones para definir el monto y aceleran los tiempos para informarlo antes del&#8230;<\/p>\n","protected":false},"author":3,"featured_media":106365,"comment_status":"closed","ping_status":"closed","sticky":false,"template":"","format":"standard","meta":[],"categories":[18],"tags":[],"_links":{"self":[{"href":"https:\/\/www.actualidadadiario.com\/index.php\/wp-json\/wp\/v2\/posts\/108351"}],"collection":[{"href":"https:\/\/www.actualidadadiario.com\/index.php\/wp-json\/wp\/v2\/posts"}],"about":[{"href":"https:\/\/www.actualidadadiario.com\/index.php\/wp-json\/wp\/v2\/types\/post"}],"author":[{"embeddable":true,"href":"https:\/\/www.actualidadadiario.com\/index.php\/wp-json\/wp\/v2\/users\/3"}],"replies":[{"embeddable":true,"href":"https:\/\/www.actualidadadiario.com\/index.php\/wp-json\/wp\/v2\/comments?post=108351"}],"version-history":[{"count":1,"href":"https:\/\/www.actualidadadiario.com\/index.php\/wp-json\/wp\/v2\/posts\/108351\/revisions"}],"predecessor-version":[{"id":108352,"href":"https:\/\/www.actualidadadiario.com\/index.php\/wp-json\/wp\/v2\/posts\/108351\/revisions\/108352"}],"wp:featuredmedia":[{"embeddable":true,"href":"https:\/\/www.actualidadadiario.com\/index.php\/wp-json\/wp\/v2\/media\/106365"}],"wp:attachment":[{"href":"https:\/\/www.actualidadadiario.com\/index.php\/wp-json\/wp\/v2\/media?parent=108351"}],"wp:term":[{"taxonomy":"category","embeddable":true,"href":"https:\/\/www.actualidadadiario.com\/index.php\/wp-json\/wp\/v2\/categories?post=108351"},{"taxonomy":"post_tag","embeddable":true,"href":"https:\/\/www.actualidadadiario.com\/index.php\/wp-json\/wp\/v2\/tags?post=108351"}],"curies":[{"name":"wp","href":"https:\/\/api.w.org\/{rel}","templated":true}]}}