{"id":10835,"date":"2017-05-02T09:42:14","date_gmt":"2017-05-02T12:42:14","guid":{"rendered":"http:\/\/actualidadadiario.com\/site\/?p=10835"},"modified":"2017-05-02T09:42:14","modified_gmt":"2017-05-02T12:42:14","slug":"cornejo-anuncio-una-ley-que-obligara-a-que-presos-trabajen","status":"publish","type":"post","link":"https:\/\/www.actualidadadiario.com\/index.php\/2017\/05\/02\/cornejo-anuncio-una-ley-que-obligara-a-que-presos-trabajen\/","title":{"rendered":"Cornejo anunci\u00f3 una ley que obligar\u00e1 a que presos trabajen"},"content":{"rendered":"<p><em><strong>El gobernador de la provincia de Mendoza habl\u00f3 de ello en la apertura del per\u00edodo de sesiones legislativas ordinarias<\/strong><\/em><\/p>\n<p>&nbsp;<\/p>\n<p>&nbsp;<\/p>\n<p>&nbsp;<\/p>\n<p>El gobernador de Mendoza, Alfredo Cornejo, anunci\u00f3 este lunes en la apertura del per\u00edodo de sesiones legislativas ordinarias que impulsar\u00e1 una ley para obligar a todos los presos a trabajar en las c\u00e1rceles.<\/p>\n<p>&nbsp;<\/p>\n<p>&#8220;He decidido anunciar una nueva ley que obliga a los presos a trabajar en las c\u00e1rceles y que modifica la actual ley de pena privativa de la libertad&#8221;, explic\u00f3 el mandatario tras advertir que existe mucha ociosidad en los penales.<\/p>\n<p>&nbsp;<\/p>\n<p>Ante la Asamblea Legislativa, el gobernador radical insisti\u00f3 en que &#8220;el ocio prolongado es negativo&#8221; y que las c\u00e1rceles deben convertirse en &#8220;lugares m\u00e1s justos y estrictos&#8221;, para lo cual &#8211; advirti\u00f3- &#8220;es necesario transformarlos en centros de trabajo y moralizaci\u00f3n&#8221;.<\/p>\n<p>&nbsp;<\/p>\n<p>&#8220;Queremos a la poblaci\u00f3n carcelaria trabajando o estudiando, sin privilegios. El trabajo les da conocimiento para que tengan trabajo legal al salir. El condenado viol\u00f3 derechos de terceros, para la reconciliaci\u00f3n con la sociedad, sus derechos no pueden estar por encima de los de la ciudadan\u00eda&#8221;, explic\u00f3 Cornejo, en declaraciones reproducidas por el Diario Uno de Mendoza.<\/p>\n<p>&nbsp;<\/p>\n<p>En su mensaje, que se extendi\u00f3 por m\u00e1s de una hora, Cornejo dijo que lo &#8220;desvela&#8221; el problema de la inseguridad, y dijo que no va a &#8220;parar&#8221; hasta que &#8220;los delincuentes sepan que salir a delinquir tienen costos dur\u00edsimos para ellos&#8221;.<\/p>\n","protected":false},"excerpt":{"rendered":"<p>El gobernador de la provincia de Mendoza habl\u00f3 de ello en la apertura del per\u00edodo de sesiones legislativas ordinarias &nbsp; &nbsp; &nbsp; El gobernador de Mendoza, Alfredo Cornejo, anunci\u00f3 este lunes en la apertura del per\u00edodo de sesiones legislativas ordinarias que impulsar\u00e1 una ley para obligar a todos los presos a trabajar en las c\u00e1rceles. &nbsp; &#8220;He decidido anunciar una nueva ley que obliga a los presos a trabajar en las c\u00e1rceles y que modifica la actual ley de pena privativa de la libertad&#8221;, explic\u00f3 el mandatario tras advertir que&#8230;<\/p>\n","protected":false},"author":3,"featured_media":10836,"comment_status":"closed","ping_status":"closed","sticky":false,"template":"","format":"standard","meta":[],"categories":[2],"tags":[],"_links":{"self":[{"href":"https:\/\/www.actualidadadiario.com\/index.php\/wp-json\/wp\/v2\/posts\/10835"}],"collection":[{"href":"https:\/\/www.actualidadadiario.com\/index.php\/wp-json\/wp\/v2\/posts"}],"about":[{"href":"https:\/\/www.actualidadadiario.com\/index.php\/wp-json\/wp\/v2\/types\/post"}],"author":[{"embeddable":true,"href":"https:\/\/www.actualidadadiario.com\/index.php\/wp-json\/wp\/v2\/users\/3"}],"replies":[{"embeddable":true,"href":"https:\/\/www.actualidadadiario.com\/index.php\/wp-json\/wp\/v2\/comments?post=10835"}],"version-history":[{"count":1,"href":"https:\/\/www.actualidadadiario.com\/index.php\/wp-json\/wp\/v2\/posts\/10835\/revisions"}],"predecessor-version":[{"id":10837,"href":"https:\/\/www.actualidadadiario.com\/index.php\/wp-json\/wp\/v2\/posts\/10835\/revisions\/10837"}],"wp:featuredmedia":[{"embeddable":true,"href":"https:\/\/www.actualidadadiario.com\/index.php\/wp-json\/wp\/v2\/media\/10836"}],"wp:attachment":[{"href":"https:\/\/www.actualidadadiario.com\/index.php\/wp-json\/wp\/v2\/media?parent=10835"}],"wp:term":[{"taxonomy":"category","embeddable":true,"href":"https:\/\/www.actualidadadiario.com\/index.php\/wp-json\/wp\/v2\/categories?post=10835"},{"taxonomy":"post_tag","embeddable":true,"href":"https:\/\/www.actualidadadiario.com\/index.php\/wp-json\/wp\/v2\/tags?post=10835"}],"curies":[{"name":"wp","href":"https:\/\/api.w.org\/{rel}","templated":true}]}}