{"id":108346,"date":"2023-09-21T13:43:10","date_gmt":"2023-09-21T16:43:10","guid":{"rendered":"https:\/\/www.actualidadadiario.com\/?p=108346"},"modified":"2023-09-21T13:43:10","modified_gmt":"2023-09-21T16:43:10","slug":"ganancias-y-un-posible-balotaje-entre-massa-y-milei-deja-expuesta-la-fractura-en-juntos-por-el-cambio","status":"publish","type":"post","link":"https:\/\/www.actualidadadiario.com\/index.php\/2023\/09\/21\/ganancias-y-un-posible-balotaje-entre-massa-y-milei-deja-expuesta-la-fractura-en-juntos-por-el-cambio\/","title":{"rendered":"Ganancias y un posible balotaje entre Massa y Milei deja expuesta la fractura en Juntos por el Cambio"},"content":{"rendered":"<p style=\"text-align: center;\"><em><strong>De cara a un futuro escenario pol\u00edtico que las encuestas vaticinan de balotaje entre Sergio Massa y Javier Milei, los cruces vuelven a aflorar y la posibilidad de tener que elegir entre dichos candidatos, reaviva las discusiones<\/strong><\/em><\/p>\n<p>&nbsp;<\/p>\n<p>&nbsp;<\/p>\n<p>El debate en la C\u00e1mara de Diputados por la modificaci\u00f3n de la cuarta categor\u00eda del Impuesto a las Ganancias dej\u00f3, adem\u00e1s de una media sanci\u00f3n, una fractura expuesta en Juntos por el Cambio.<\/p>\n<p>La misma no es una novedad: la coalici\u00f3n de la oposici\u00f3n viene dando tela para cortar pese a que la victoria de Patricia Bullrich en la interna parec\u00eda haber zanjado las diferencias. No obstante, de cara a un futuro escenario pol\u00edtico que las encuestas vaticinan de balotaje entre Sergio Massa y Javier Milei, los cruces vuelven a aflorar y la posibilidad de tener que elegir entre dichos candidatos, reaviva las discusiones.<\/p>\n<p>El propio Mauricio Macri -quien aument\u00f3 su presencia en el \u00faltimo tramo de la campa\u00f1a- no pudo evitar meterse en la discusi\u00f3n. &#8220;El populismo es contagioso&#8221;, lanz\u00f3 el expresidente contra los cuatro diputados del bloque Evoluci\u00f3n que se sentaron en la C\u00e1mara de Diputados al inicio de la sesi\u00f3n que se celebr\u00f3 el martes.<\/p>\n<p>&#8220;Habr\u00eda que preguntarle al expresidente Macri c\u00f3mo se siente en Juntos por el Cambio. Nosotros no tenemos ninguna dificultad en el espacio&#8221;, le respondi\u00f3 la diputada Danya Tavela al recordarle su coqueteo con Javier Milei. No obstante, Tavela redobl\u00f3 la apuesta y pidi\u00f3 &#8220;una renovaci\u00f3n del radicalismo&#8221;.<\/p>\n<p>Un posible acercamiento de la coalici\u00f3n a Milei es una diferencia que los radicales no logran acordar. A la postura de Evoluci\u00f3n tambi\u00e9n se suman las cr\u00edticas de, por mencionar algunas, el diputado nacional radical Miguel Bazze, quien cuestion\u00f3 a Macri por el acercamiento que tuvo post PASO con el candidato presidencial de La Libertad Avanza y le pidi\u00f3 que &#8220;trabaje&#8221; para la coalici\u00f3n &#8220;como corresponde&#8221;.<\/p>\n<p>Tambi\u00e9n el diputado radical Julio Cobos afirm\u00f3 que &#8220;el coqueteo de Macri y Milei en esta etapa ya no ayuda&#8221;. &#8220;Estuvo bien en salir a respaldar a Patricia Bullrich, pero sigue elogiando a Milei y en este momento se debe ser bien claro&#8221;, a\u00f1adi\u00f3.<\/p>\n<p>\u00bfY la Coalici\u00f3n C\u00edvica? &#8220;Trabajar por este proyecto es incompatible con especulaciones o ambivalencias personales. Debemos focalizarnos en sumar y representar a la mayor cantidad de argentinos para ganar en octubre y hacer un cambio profundo y duradero, que saque a la Argentina adelante&#8221;, dijo el presidente de la CC, Maximiliano Ferraro. En tanto, esta semana Javier Milei, fue a la Justicia con una demanda civil contra la dirigente de la Coalici\u00f3n C\u00edvica, Elisa Carri\u00f3, a quien le reclama $3 millones y derecho a r\u00e9plica por haberlo comparado con el l\u00edder del nazismo, durante una entrevista radial realizada en julio del 2022. En aquella oportunidad, la ex diputada dijo que &#8220;Milei como presidente puede ser Hitler&#8221;.<\/p>\n<p>El cruce entre el fundador del PRO y los radicales es tan solo un recorte de las dudas que asoman en las distintas fuerzas pol\u00edticas que componen Juntos por el Cambio por estas horas. Todos coinciden en que, una victoria de Patricia Bullrich la posicionar\u00eda como l\u00edder indiscutida de dicha fuerza pol\u00edtica. Pero una derrota de la candidata en las urnas deja vacante el liderazgo del PRO en momentos en que Mauricio Macri parece dispuesto a ganar nuevamente terreno.<\/p>\n<p>En esta l\u00ednea, tambi\u00e9n llama la atenci\u00f3n el Jefe de Gobierno de la Ciudad de Buenos Aires, Horacio Rodr\u00edguez Larreta, quien hace semanas le prometi\u00f3 &#8220;voy a poner todo para que seas presidenta&#8221;, no volvi\u00f3 a mostrarse con quien lo venci\u00f3 en la interna y brilla por su ausencia.<\/p>\n<p>As\u00ed las cosas, este fin de semana puede aportar un poco de claridad al panorama de Juntos por el Cambio. Las elecciones en Mendoza, que se celebrar\u00e1n el domingo, tienen como favorito al senador Alfredo Cornejo. Pese a que Milei lo niegue, su socio en el distrito es Omar de Marchi.<\/p>\n<p>En este sentido, con una posible victoria de Cornejo, Bullrich podr\u00e1 jactarse de pintar otra provincia de amarillo en el mapa nacional y apuntar contra el kirchnerismo. A la vez, le permitir\u00eda polarizar con Javier Milei y demostrar que tiene gobernabilidad.<\/p>\n","protected":false},"excerpt":{"rendered":"<p>De cara a un futuro escenario pol\u00edtico que las encuestas vaticinan de balotaje entre Sergio Massa y Javier Milei, los cruces vuelven a aflorar y la posibilidad de tener que elegir entre dichos candidatos, reaviva las discusiones &nbsp; &nbsp; El debate en la C\u00e1mara de Diputados por la modificaci\u00f3n de la cuarta categor\u00eda del Impuesto a las Ganancias dej\u00f3, adem\u00e1s de una media sanci\u00f3n, una fractura expuesta en Juntos por el Cambio. La misma no es una novedad: la coalici\u00f3n de la oposici\u00f3n viene dando tela para cortar pese a&#8230;<\/p>\n","protected":false},"author":3,"featured_media":107473,"comment_status":"closed","ping_status":"closed","sticky":false,"template":"","format":"standard","meta":[],"categories":[9],"tags":[],"_links":{"self":[{"href":"https:\/\/www.actualidadadiario.com\/index.php\/wp-json\/wp\/v2\/posts\/108346"}],"collection":[{"href":"https:\/\/www.actualidadadiario.com\/index.php\/wp-json\/wp\/v2\/posts"}],"about":[{"href":"https:\/\/www.actualidadadiario.com\/index.php\/wp-json\/wp\/v2\/types\/post"}],"author":[{"embeddable":true,"href":"https:\/\/www.actualidadadiario.com\/index.php\/wp-json\/wp\/v2\/users\/3"}],"replies":[{"embeddable":true,"href":"https:\/\/www.actualidadadiario.com\/index.php\/wp-json\/wp\/v2\/comments?post=108346"}],"version-history":[{"count":1,"href":"https:\/\/www.actualidadadiario.com\/index.php\/wp-json\/wp\/v2\/posts\/108346\/revisions"}],"predecessor-version":[{"id":108347,"href":"https:\/\/www.actualidadadiario.com\/index.php\/wp-json\/wp\/v2\/posts\/108346\/revisions\/108347"}],"wp:featuredmedia":[{"embeddable":true,"href":"https:\/\/www.actualidadadiario.com\/index.php\/wp-json\/wp\/v2\/media\/107473"}],"wp:attachment":[{"href":"https:\/\/www.actualidadadiario.com\/index.php\/wp-json\/wp\/v2\/media?parent=108346"}],"wp:term":[{"taxonomy":"category","embeddable":true,"href":"https:\/\/www.actualidadadiario.com\/index.php\/wp-json\/wp\/v2\/categories?post=108346"},{"taxonomy":"post_tag","embeddable":true,"href":"https:\/\/www.actualidadadiario.com\/index.php\/wp-json\/wp\/v2\/tags?post=108346"}],"curies":[{"name":"wp","href":"https:\/\/api.w.org\/{rel}","templated":true}]}}