{"id":108343,"date":"2023-09-21T13:04:16","date_gmt":"2023-09-21T16:04:16","guid":{"rendered":"https:\/\/www.actualidadadiario.com\/?p=108343"},"modified":"2023-09-21T13:04:16","modified_gmt":"2023-09-21T16:04:16","slug":"aumentaron-los-casos-de-covid-19-mas-de-200-hospitalizados-en-las-ultimas-semanas","status":"publish","type":"post","link":"https:\/\/www.actualidadadiario.com\/index.php\/2023\/09\/21\/aumentaron-los-casos-de-covid-19-mas-de-200-hospitalizados-en-las-ultimas-semanas\/","title":{"rendered":"Aumentaron los casos de Covid-19: m\u00e1s de 200 hospitalizados en las \u00faltimas semanas"},"content":{"rendered":"<p style=\"text-align: center;\"><em><strong>El aumento de los contagios empez\u00f3 en julio pasado. Cu\u00e1les son los factores que favorecieron el incremento de las hospitalizaciones y c\u00f3mo cuidarse<\/strong><\/em><\/p>\n<p>&nbsp;<\/p>\n<p>&nbsp;<\/p>\n<p>A pesar de que el Covid-19 ya no es considerado una emergencia sanitaria internacional, sigue estando vigente en el mundo. En Argentina, particularmente, desde el inicio del invierno los casos positivos de la enfermedad causada por el SARS-CoV-2 y las hospitalizaciones fueron en aumento.<\/p>\n<p>El Ministerio de Salud de la Naci\u00f3n, en su \u00faltimo bolet\u00edn epidemiol\u00f3gico, inform\u00f3 que durante las primeras semanas del a\u00f1o se hab\u00edan notificado un promedio de 266 casos semanadas de hospitalizaciones por coronavirus. Este n\u00famero luego hab\u00eda comenzado a descender hasta mitad de julio, cuando se vio un aumento. Aunque se encuentran muy por debajo a lo registrado para el mismo per\u00edodo de los a\u00f1os previos.<\/p>\n<p>De esta manera, en la \u00faltima semana de julio, el mes de agosto y la primera de septiembre, el promedio de hospitalizaciones lleg\u00f3 a 201 por semana. En cuanto a los fallecidos, se registraron 22 en la semana pasada. Por lo que, desde el inicio de la pandemia, hubo 130.663 fallecidos por COVID en el pa\u00eds.<\/p>\n<p>&nbsp;<\/p>\n<p><strong>Motivos del aumento de casos<\/strong><\/p>\n<p>Los especialistas anunciaron que en general hoy los cuadros de Covid est\u00e1n siendo leves si se tiene en cuenta la poblaci\u00f3n en general. Pero, uno de los motivos principales de la suba de casos es el ingreso de EG.5 \u00f3 Eris, un sublinaje de la variante \u00d3micron que es altamente transmisible.<\/p>\n<p>El otro motivo es que hay pocas personas con las dosis de refuerzo al d\u00eda. La cartera de Salud advirti\u00f3 que m\u00e1s de 36 millones de personas con el esquema primario completo todav\u00eda no recibieron alguna dosis de refuerzo en los \u00faltimos 6 meses.<\/p>\n<p>Seg\u00fan las \u00faltimas recomendaciones, todas las personas a partir de los 6 meses de edad deben contar con al menos el esquema primario completo y un refuerzo aplicado en los \u00faltimos 6 meses.<\/p>\n<p>Se considera que los mayores de 50 a\u00f1os, las personas gestantes y los inmunodeprimidos est\u00e1n en riesgo alto de sufrir la enfermedad grave.<\/p>\n","protected":false},"excerpt":{"rendered":"<p>El aumento de los contagios empez\u00f3 en julio pasado. Cu\u00e1les son los factores que favorecieron el incremento de las hospitalizaciones y c\u00f3mo cuidarse &nbsp; &nbsp; A pesar de que el Covid-19 ya no es considerado una emergencia sanitaria internacional, sigue estando vigente en el mundo. En Argentina, particularmente, desde el inicio del invierno los casos positivos de la enfermedad causada por el SARS-CoV-2 y las hospitalizaciones fueron en aumento. El Ministerio de Salud de la Naci\u00f3n, en su \u00faltimo bolet\u00edn epidemiol\u00f3gico, inform\u00f3 que durante las primeras semanas del a\u00f1o se&#8230;<\/p>\n","protected":false},"author":3,"featured_media":68882,"comment_status":"closed","ping_status":"closed","sticky":false,"template":"","format":"standard","meta":[],"categories":[2],"tags":[],"_links":{"self":[{"href":"https:\/\/www.actualidadadiario.com\/index.php\/wp-json\/wp\/v2\/posts\/108343"}],"collection":[{"href":"https:\/\/www.actualidadadiario.com\/index.php\/wp-json\/wp\/v2\/posts"}],"about":[{"href":"https:\/\/www.actualidadadiario.com\/index.php\/wp-json\/wp\/v2\/types\/post"}],"author":[{"embeddable":true,"href":"https:\/\/www.actualidadadiario.com\/index.php\/wp-json\/wp\/v2\/users\/3"}],"replies":[{"embeddable":true,"href":"https:\/\/www.actualidadadiario.com\/index.php\/wp-json\/wp\/v2\/comments?post=108343"}],"version-history":[{"count":1,"href":"https:\/\/www.actualidadadiario.com\/index.php\/wp-json\/wp\/v2\/posts\/108343\/revisions"}],"predecessor-version":[{"id":108344,"href":"https:\/\/www.actualidadadiario.com\/index.php\/wp-json\/wp\/v2\/posts\/108343\/revisions\/108344"}],"wp:featuredmedia":[{"embeddable":true,"href":"https:\/\/www.actualidadadiario.com\/index.php\/wp-json\/wp\/v2\/media\/68882"}],"wp:attachment":[{"href":"https:\/\/www.actualidadadiario.com\/index.php\/wp-json\/wp\/v2\/media?parent=108343"}],"wp:term":[{"taxonomy":"category","embeddable":true,"href":"https:\/\/www.actualidadadiario.com\/index.php\/wp-json\/wp\/v2\/categories?post=108343"},{"taxonomy":"post_tag","embeddable":true,"href":"https:\/\/www.actualidadadiario.com\/index.php\/wp-json\/wp\/v2\/tags?post=108343"}],"curies":[{"name":"wp","href":"https:\/\/api.w.org\/{rel}","templated":true}]}}