{"id":108339,"date":"2023-09-21T13:01:52","date_gmt":"2023-09-21T16:01:52","guid":{"rendered":"https:\/\/www.actualidadadiario.com\/?p=108339"},"modified":"2023-09-21T13:01:52","modified_gmt":"2023-09-21T16:01:52","slug":"realizaran-mas-de-70-actividades-en-todo-el-pais-contra-la-trata-de-personas","status":"publish","type":"post","link":"https:\/\/www.actualidadadiario.com\/index.php\/2023\/09\/21\/realizaran-mas-de-70-actividades-en-todo-el-pais-contra-la-trata-de-personas\/","title":{"rendered":"Realizar\u00e1n m\u00e1s de 70 actividades en todo el pa\u00eds contra la Trata de Personas"},"content":{"rendered":"<p style=\"text-align: center;\"><em><strong>El pr\u00f3ximo s\u00e1bado se conmemora el D\u00eda Internacional contra la Explotaci\u00f3n Sexual y la Trata de Personas, con el objetivo de concientizar sobre esta problem\u00e1tica<\/strong><\/em><\/p>\n<p>&nbsp;<\/p>\n<p>&nbsp;<\/p>\n<p>El Comit\u00e9 Ejecutivo de Lucha contra la Trata desarrollar\u00e1 alrededor de 70 actividades e iniciativas en todo el pa\u00eds en el marco del D\u00eda Internacional contra la Explotaci\u00f3n Sexual y la Trata de Personas que se conmemora este s\u00e1bado 23 de septiembre, con el objetivo de concientizar sobre esta problem\u00e1tica, se inform\u00f3 oficialmente.<\/p>\n<p>La fecha fue establecida en enero de 1999 por la Conferencia Mundial de la Coalici\u00f3n contra el Tr\u00e1fico de Personas, en coordinaci\u00f3n con la Conferencia de Mujeres que tuvo lugar en Dhaka, Bangladesh, y tiene por objetivo concientizar sobre este delito y su impacto a nivel global.<\/p>\n<p>Asimismo, este d\u00eda resulta &#8220;de especial significaci\u00f3n para la Argentina&#8221; al coincidir con la fecha en que, en 1913, se sancion\u00f3 la primera legislaci\u00f3n a nivel mundial contra la trata de personas con fines de explotaci\u00f3n sexual en Argentina, impulsada por el diputado socialista Alfredo Palacios.<\/p>\n<p>&nbsp;<\/p>\n<p><strong>Salta<\/strong><\/p>\n<p>En Salta, el 23 de septiembre realizar\u00e1n una jornada de sensibilizaci\u00f3n \u201cEn lucha por nuestros Derechos\u201d, en la Plaza 9 de Julio de Salta capital.<\/p>\n<p>&nbsp;<\/p>\n<p><strong>Catamarca<\/strong><\/p>\n<p>El mismo d\u00eda, en Catamarca, brindar\u00e1n entre las 8 y 12 una capacitaci\u00f3n de manera virtual para todos los decentes de la provincia, mientras que en el Polideportivo Capital se desarrollar\u00e1 la jornada &#8220;Warmi Baila por tus derechos&#8221; desde las 16.<\/p>\n<p>&nbsp;<\/p>\n<p><strong>San Luis<\/strong><\/p>\n<p>En San Luis, en tanto, el 26 de septiembre tendr\u00e1 lugar una Caminata de Concientizaci\u00f3n entre las 12 y 14, desde Plaza Pueyrred\u00f3n a Plaza Pringles, en la capital provincial; mientras que el 28 de septiembre dar\u00e1n una charla abierta para p\u00fablico en general a partir de las 19 en el Microcine de la Universidad Nacional de San Luis.<\/p>\n<p>&nbsp;<\/p>\n<p><strong>C\u00f3rdoba<\/strong><\/p>\n<p>En C\u00f3rdoba, realizar\u00e1n una Mesa Interinstitucional de Lucha contra la Trata, con un panel integrado por el director del Comit\u00e9 Ejecutivo de Lucha contra la Trata, Gustavo Vera; el fiscal federal, Carlos Gonella y referentes locales en la tem\u00e1tica.<\/p>\n<p>La actividad se llevar\u00e1 adelante el 28 de septiembre desde las 10:30 en la Sala Especial Radio Nacional.<\/p>\n<p>&nbsp;<\/p>\n<p><strong>Ciudad de Buenos Aires <\/strong><\/p>\n<p>En tanto, en la Ciudad de Buenos Aires se realizar\u00e1 la 16\u00b0 misa en solidaridad con todos los excluidos y las v\u00edctimas de tr\u00e1fico y trata de personas bajo el lema Por una sociedad sin esclavos ni excluidos, que ser\u00e1 el 26 de septiembre a las 17 en la Plaza Constituci\u00f3n.<\/p>\n<p>La misa es convocada por parroquias del decanato Boca-Barracas-Constituci\u00f3n, Equipo de Sacerdotes para las Villas de Emergencia, Hermanas Oblatas del Sant\u00edsimo Redentor, Puerta Abierta Recreando, Red Kawsay, Departamento de Migraciones del Arzobispado de Buenos Aires, Hogar de Cristo, Fundaci\u00f3n La Alameda, Movimiento de Trabajadores Excluidos (MTE), Equipo No a la Trata y Comisi\u00f3n Episcopal de la Pastoral de Migrantes e Itinerantes.<\/p>\n<p>&nbsp;<\/p>\n<p><strong>R\u00edo Negro <\/strong><\/p>\n<p>En R\u00edo Negro har\u00e1n capacitaciones en colegios secundarios para la prevenci\u00f3n en trata con fines de explotaci\u00f3n sexual, el 26 de septiembre en la localidad de Choele Choel y al d\u00eda siguiente en espacio de Vida Estudial CENS 18.<\/p>\n<p>&nbsp;<\/p>\n<p><strong>L\u00ednea 145 &#8211; Para denunciar delitos de trata y explotaci\u00f3n<\/strong><\/p>\n<p>L\u00ednea nacional, an\u00f3nima y gratuita para orientaci\u00f3n, solicitar asistencia y\/o denunciar la desaparici\u00f3n de una persona.<\/p>\n<p>Funciona las 24 horas, los 365 d\u00edas del a\u00f1o.<\/p>\n<p>Consultas por WhatsApp al +5491165460580<\/p>\n","protected":false},"excerpt":{"rendered":"<p>El pr\u00f3ximo s\u00e1bado se conmemora el D\u00eda Internacional contra la Explotaci\u00f3n Sexual y la Trata de Personas, con el objetivo de concientizar sobre esta problem\u00e1tica &nbsp; &nbsp; El Comit\u00e9 Ejecutivo de Lucha contra la Trata desarrollar\u00e1 alrededor de 70 actividades e iniciativas en todo el pa\u00eds en el marco del D\u00eda Internacional contra la Explotaci\u00f3n Sexual y la Trata de Personas que se conmemora este s\u00e1bado 23 de septiembre, con el objetivo de concientizar sobre esta problem\u00e1tica, se inform\u00f3 oficialmente. La fecha fue establecida en enero de 1999 por la&#8230;<\/p>\n","protected":false},"author":3,"featured_media":7099,"comment_status":"closed","ping_status":"closed","sticky":false,"template":"","format":"standard","meta":[],"categories":[2],"tags":[],"_links":{"self":[{"href":"https:\/\/www.actualidadadiario.com\/index.php\/wp-json\/wp\/v2\/posts\/108339"}],"collection":[{"href":"https:\/\/www.actualidadadiario.com\/index.php\/wp-json\/wp\/v2\/posts"}],"about":[{"href":"https:\/\/www.actualidadadiario.com\/index.php\/wp-json\/wp\/v2\/types\/post"}],"author":[{"embeddable":true,"href":"https:\/\/www.actualidadadiario.com\/index.php\/wp-json\/wp\/v2\/users\/3"}],"replies":[{"embeddable":true,"href":"https:\/\/www.actualidadadiario.com\/index.php\/wp-json\/wp\/v2\/comments?post=108339"}],"version-history":[{"count":1,"href":"https:\/\/www.actualidadadiario.com\/index.php\/wp-json\/wp\/v2\/posts\/108339\/revisions"}],"predecessor-version":[{"id":108340,"href":"https:\/\/www.actualidadadiario.com\/index.php\/wp-json\/wp\/v2\/posts\/108339\/revisions\/108340"}],"wp:featuredmedia":[{"embeddable":true,"href":"https:\/\/www.actualidadadiario.com\/index.php\/wp-json\/wp\/v2\/media\/7099"}],"wp:attachment":[{"href":"https:\/\/www.actualidadadiario.com\/index.php\/wp-json\/wp\/v2\/media?parent=108339"}],"wp:term":[{"taxonomy":"category","embeddable":true,"href":"https:\/\/www.actualidadadiario.com\/index.php\/wp-json\/wp\/v2\/categories?post=108339"},{"taxonomy":"post_tag","embeddable":true,"href":"https:\/\/www.actualidadadiario.com\/index.php\/wp-json\/wp\/v2\/tags?post=108339"}],"curies":[{"name":"wp","href":"https:\/\/api.w.org\/{rel}","templated":true}]}}