{"id":108332,"date":"2023-09-21T12:57:33","date_gmt":"2023-09-21T15:57:33","guid":{"rendered":"https:\/\/www.actualidadadiario.com\/?p=108332"},"modified":"2023-09-21T12:57:33","modified_gmt":"2023-09-21T15:57:33","slug":"una-megaola-de-calor-llega-a-argentina-a-que-provincias-afectara","status":"publish","type":"post","link":"https:\/\/www.actualidadadiario.com\/index.php\/2023\/09\/21\/una-megaola-de-calor-llega-a-argentina-a-que-provincias-afectara\/","title":{"rendered":"Una &#8220;megaola&#8221; de calor llega a Argentina: a qu\u00e9 provincias afectar\u00e1"},"content":{"rendered":"<p style=\"text-align: center;\"><em><strong>Mientras los restos del verano siguen azotando a gran parte de Europa, algunos pa\u00edses de Am\u00e9rica Latina se preparan para temperaturas extremas<\/strong><\/em><\/p>\n<p>&nbsp;<\/p>\n<p>&nbsp;<\/p>\n<p>Gran parte del territorio de Brasil tiene alerta roja meteorol\u00f3gica por calor extremo, con temperaturas que se prev\u00e9 que alcancen los 45\u00b0C. El fen\u00f3meno, que se conoce como &#8220;megaola de calor&#8221;, es tan fuerte que podr\u00e1 afectar a gran parte de la regi\u00f3n norte de Argentina, que limita con el pa\u00eds vecino.<\/p>\n<p>Seg\u00fan las estimaciones -y considerando las temperaturas que sufri\u00f3 el hemisferio norte este a\u00f1o-, se espera que Am\u00e9rica Latina contin\u00fae con este fen\u00f3meno, que aumentar\u00e1 considerablemente durante el verano.<\/p>\n<p>En Brasil, algunas de las principales ciudades que sentir\u00e1n los efectos del calor son S\u00e3o Paulo, R\u00edo de Janeiro, Minas Gerais y Brasilia, entre otras. Al mismo tiempo, el alerta rige tambi\u00e9n para ciudades del norte de Argentina, que se preparan para pasar la ola de calor.<\/p>\n<p>&nbsp;<\/p>\n<p><strong>Ola de calor en Argentina: a qu\u00e9 provincias afecta<\/strong><\/p>\n<p>El mapa de anomal\u00eda de temperatura media muestra que los territorios m\u00e1s afectados ser\u00e1n el norte de Corrientes, la provincia del Chaco y parte de Formosa, Salta y Misiones.<\/p>\n<p>Por un lado, Misiones ser\u00e1 la m\u00e1s afectada, con temperaturas m\u00e1ximas que alcanzar\u00e1n los 40\u00b0C el domingo 24 de septiembre, mientras que para el s\u00e1bado 23 se esperan 39\u00b0C. Mientras que la temperatura media rondar\u00e1 entre los 24\u00b0C y 25\u00b0C.<\/p>\n<p>En la localidad misionera de Ober\u00e1 se esperan m\u00e1ximas de 38\u00b0C para el s\u00e1bado, y 35\u00b0C para el viernes; mientras que en Ap\u00f3stoles, tocar\u00e1n los 38\u00b0C el s\u00e1bado.<\/p>\n<p>Por otro lado, la localidad de Clorinda, en Formosa, comenzar\u00e1 el fin de semana con 40\u00b0C, mientras que el s\u00e1bado tocar\u00e1 los 41\u00b0C. En Las Lomitas -otra de las ciudades formose\u00f1as, tendr\u00e1n dos d\u00edas en los que la m\u00e1xima tocar\u00e1 los 43\u00b0C.<\/p>\n","protected":false},"excerpt":{"rendered":"<p>Mientras los restos del verano siguen azotando a gran parte de Europa, algunos pa\u00edses de Am\u00e9rica Latina se preparan para temperaturas extremas &nbsp; &nbsp; Gran parte del territorio de Brasil tiene alerta roja meteorol\u00f3gica por calor extremo, con temperaturas que se prev\u00e9 que alcancen los 45\u00b0C. El fen\u00f3meno, que se conoce como &#8220;megaola de calor&#8221;, es tan fuerte que podr\u00e1 afectar a gran parte de la regi\u00f3n norte de Argentina, que limita con el pa\u00eds vecino. Seg\u00fan las estimaciones -y considerando las temperaturas que sufri\u00f3 el hemisferio norte este a\u00f1o-,&#8230;<\/p>\n","protected":false},"author":3,"featured_media":95002,"comment_status":"closed","ping_status":"closed","sticky":false,"template":"","format":"standard","meta":[],"categories":[2],"tags":[],"_links":{"self":[{"href":"https:\/\/www.actualidadadiario.com\/index.php\/wp-json\/wp\/v2\/posts\/108332"}],"collection":[{"href":"https:\/\/www.actualidadadiario.com\/index.php\/wp-json\/wp\/v2\/posts"}],"about":[{"href":"https:\/\/www.actualidadadiario.com\/index.php\/wp-json\/wp\/v2\/types\/post"}],"author":[{"embeddable":true,"href":"https:\/\/www.actualidadadiario.com\/index.php\/wp-json\/wp\/v2\/users\/3"}],"replies":[{"embeddable":true,"href":"https:\/\/www.actualidadadiario.com\/index.php\/wp-json\/wp\/v2\/comments?post=108332"}],"version-history":[{"count":1,"href":"https:\/\/www.actualidadadiario.com\/index.php\/wp-json\/wp\/v2\/posts\/108332\/revisions"}],"predecessor-version":[{"id":108333,"href":"https:\/\/www.actualidadadiario.com\/index.php\/wp-json\/wp\/v2\/posts\/108332\/revisions\/108333"}],"wp:featuredmedia":[{"embeddable":true,"href":"https:\/\/www.actualidadadiario.com\/index.php\/wp-json\/wp\/v2\/media\/95002"}],"wp:attachment":[{"href":"https:\/\/www.actualidadadiario.com\/index.php\/wp-json\/wp\/v2\/media?parent=108332"}],"wp:term":[{"taxonomy":"category","embeddable":true,"href":"https:\/\/www.actualidadadiario.com\/index.php\/wp-json\/wp\/v2\/categories?post=108332"},{"taxonomy":"post_tag","embeddable":true,"href":"https:\/\/www.actualidadadiario.com\/index.php\/wp-json\/wp\/v2\/tags?post=108332"}],"curies":[{"name":"wp","href":"https:\/\/api.w.org\/{rel}","templated":true}]}}