{"id":108327,"date":"2023-09-21T12:29:47","date_gmt":"2023-09-21T15:29:47","guid":{"rendered":"https:\/\/www.actualidadadiario.com\/?p=108327"},"modified":"2023-09-21T12:29:47","modified_gmt":"2023-09-21T15:29:47","slug":"devolucion-del-iva-acumularia-51-con-billetera-entre-rios","status":"publish","type":"post","link":"https:\/\/www.actualidadadiario.com\/index.php\/2023\/09\/21\/devolucion-del-iva-acumularia-51-con-billetera-entre-rios\/","title":{"rendered":"Devoluci\u00f3n del IVA acumular\u00eda 51% con Billetera Entre R\u00edos"},"content":{"rendered":"<p style=\"text-align: center;\"><em><strong>La empresa que opera la billetera virtual negocia con Naci\u00f3n la devoluci\u00f3n del IVA. Junto con el reintegro local, podr\u00eda ahorrarse hasta la mitad de la compra<\/strong><\/em><\/p>\n<p>&nbsp;<\/p>\n<p>&nbsp;<\/p>\n<p>Las billeteras virtuales negocian estos d\u00edas con el gobierno nacional y la Administradora Fiscal de Ingresos P\u00fablicos (AFIP) c\u00f3mo instrumentar en estas plataformas de pago la devoluci\u00f3n del IVA en compras de productos de primera necesidad y de higiene personal y del hogar que dispuso Sergio Massa en el paquete de medidas para aliviar el bolsillo tras la devaluaci\u00f3n del 22% que recort\u00f3 el poder adquisitivo de los asalariados en el pa\u00eds.<\/p>\n<p>Entre las firmas que analizan estos d\u00edas c\u00f3mo aplicar la medida se encuentra Plus Pagos, la plataforma de cobro que opera Billetera Entre R\u00edos.<\/p>\n<p>Los bancos esperan que a partir del viernes se reflejen los reintegros de la devoluci\u00f3n del IVA.<\/p>\n<p>Si bien la devoluci\u00f3n del IVA todav\u00eda no est\u00e1 operativa en el programa de consumo provincial \u2013como en ninguna billetera virtual del resto del pa\u00eds, hasta este mi\u00e9rcoles al menos\u2013 la medida del Ministerio de Econom\u00eda impactar\u00e1 en Billetera Entre R\u00edos.<\/p>\n<p>Desde la secretar\u00eda de Comercio de la Provincia dieron por hecho que la billetera virtual local entrar\u00e1 entre las que devolver\u00e1n el 21% en compras de primera necesidad de la canasta b\u00e1sica alimentaria y de productos de higiene personal y de limpieza del hogar.<\/p>\n<p>Lo que no se sabe por ahora es cu\u00e1ndo empezar\u00e1 a aplicarse este beneficio. Depende, primero, de los avances en la instrumentaci\u00f3n de la medida para todas las billeteras virtuales con uso en la Argentina. Y, segundo, de la rapidez que tenga Plus Pagos para implementarlo en sus billeteras asociadas, que adem\u00e1s de Entre R\u00edos incluye las de Santa Fe, San Juan y Santa Cruz.<\/p>\n<p>Desde Comercio aclararon que este beneficio aplicar\u00e1 siempre que el pago mediante Billetera Entre R\u00edos se efect\u00fae desde la tarjeta de d\u00e9bito asociada y no desde el saldo que el usuario tenga en la billetera. Esto es as\u00ed porque el programa nacional aplica s\u00f3lo en tarjetas de d\u00e9bito bancarias.<\/p>\n<p>Adem\u00e1s, se\u00f1alaron que la devoluci\u00f3n se ver\u00e1 reflejada en la cuenta de d\u00e9bito del usuario en el banco, no en el saldo de Billetera.<\/p>\n<p>Por otra parte, el dato m\u00e1s relevante que adelantaron a UNO es que la devoluci\u00f3n de 21% del IVA ser\u00e1 acumulativa con el reintegro del 30% que ofrece Billetera Entre R\u00edos. Es decir que si se usa esta plataforma para la compra de productos de primera necesidad alimentarios o de higiene, y se paga con la tarjeta de d\u00e9bito asociada en la Billetera, se podr\u00e1 recuperar hasta un 51% del gasto.<\/p>\n<p>Ese ahorro, claro, tiene los topes establecidos en cada programa. En Billetera Entre R\u00edos es de 6.000 pesos por mes y en Compre sin IVA es del 18.000 mensuales.<\/p>\n<p>Seg\u00fan estos l\u00edmites, el usuario de Billetera Entre R\u00edos puede comprar por hasta 18.000 pesos y agotar\u00e1 el reintegro de esta plataforma. La devoluci\u00f3n del IVA, en tanto, admite compras hasta 89.500 pesos.<\/p>\n<p>Hay que aclarar que la billetera virtual entrerriana brinda su reintegro tambi\u00e9n en farmacias, jugueter\u00edas, librer\u00edas y locales de ropa, adheridos, pero estas compras no contar\u00e1n con la devoluci\u00f3n del IVA, que vale s\u00f3lo para alimentos de la canasta b\u00e1sica y productos de higiene personal y de limpieza.<\/p>\n<p>&nbsp;<\/p>\n<p><strong>\u00bfQui\u00e9nes pueden comprar?<\/strong><\/p>\n<p>El programa Compre sin IVA alcanza a jubilados; beneficiarios de pensiones por fallecimiento y no contributivas nacionales, de asignaciones universales por hijo y de asignaciones por embarazo; trabajadores en relaci\u00f3n de dependencia; personal de Casas Particulares; y monotributistas.<\/p>\n<p>En todos los casos, el monto total mensual de ingresos no deber\u00e1 superarlos seis haberes m\u00ednimos garantizados, lo que totaliza unos $708.000.<\/p>\n","protected":false},"excerpt":{"rendered":"<p>La empresa que opera la billetera virtual negocia con Naci\u00f3n la devoluci\u00f3n del IVA. Junto con el reintegro local, podr\u00eda ahorrarse hasta la mitad de la compra &nbsp; &nbsp; Las billeteras virtuales negocian estos d\u00edas con el gobierno nacional y la Administradora Fiscal de Ingresos P\u00fablicos (AFIP) c\u00f3mo instrumentar en estas plataformas de pago la devoluci\u00f3n del IVA en compras de productos de primera necesidad y de higiene personal y del hogar que dispuso Sergio Massa en el paquete de medidas para aliviar el bolsillo tras la devaluaci\u00f3n del 22%&#8230;<\/p>\n","protected":false},"author":3,"featured_media":105734,"comment_status":"closed","ping_status":"closed","sticky":false,"template":"","format":"standard","meta":[],"categories":[9,15],"tags":[],"_links":{"self":[{"href":"https:\/\/www.actualidadadiario.com\/index.php\/wp-json\/wp\/v2\/posts\/108327"}],"collection":[{"href":"https:\/\/www.actualidadadiario.com\/index.php\/wp-json\/wp\/v2\/posts"}],"about":[{"href":"https:\/\/www.actualidadadiario.com\/index.php\/wp-json\/wp\/v2\/types\/post"}],"author":[{"embeddable":true,"href":"https:\/\/www.actualidadadiario.com\/index.php\/wp-json\/wp\/v2\/users\/3"}],"replies":[{"embeddable":true,"href":"https:\/\/www.actualidadadiario.com\/index.php\/wp-json\/wp\/v2\/comments?post=108327"}],"version-history":[{"count":1,"href":"https:\/\/www.actualidadadiario.com\/index.php\/wp-json\/wp\/v2\/posts\/108327\/revisions"}],"predecessor-version":[{"id":108328,"href":"https:\/\/www.actualidadadiario.com\/index.php\/wp-json\/wp\/v2\/posts\/108327\/revisions\/108328"}],"wp:featuredmedia":[{"embeddable":true,"href":"https:\/\/www.actualidadadiario.com\/index.php\/wp-json\/wp\/v2\/media\/105734"}],"wp:attachment":[{"href":"https:\/\/www.actualidadadiario.com\/index.php\/wp-json\/wp\/v2\/media?parent=108327"}],"wp:term":[{"taxonomy":"category","embeddable":true,"href":"https:\/\/www.actualidadadiario.com\/index.php\/wp-json\/wp\/v2\/categories?post=108327"},{"taxonomy":"post_tag","embeddable":true,"href":"https:\/\/www.actualidadadiario.com\/index.php\/wp-json\/wp\/v2\/tags?post=108327"}],"curies":[{"name":"wp","href":"https:\/\/api.w.org\/{rel}","templated":true}]}}