{"id":108323,"date":"2023-09-21T12:27:50","date_gmt":"2023-09-21T15:27:50","guid":{"rendered":"https:\/\/www.actualidadadiario.com\/?p=108323"},"modified":"2023-09-21T12:27:50","modified_gmt":"2023-09-21T15:27:50","slug":"la-desocupacion-en-concordia-bajo-al-68-por-ciento","status":"publish","type":"post","link":"https:\/\/www.actualidadadiario.com\/index.php\/2023\/09\/21\/la-desocupacion-en-concordia-bajo-al-68-por-ciento\/","title":{"rendered":"La desocupaci\u00f3n en Concordia baj\u00f3 al 6,8 por ciento"},"content":{"rendered":"<p style=\"text-align: center;\"><em><strong>Seg\u00fan los datos revelados este mi\u00e9rcoles por el Instituto Nacional de Estad\u00edstica y Censos (Indec), uno de los principales conglomerados de la provincia registr\u00f3 un descenso de 1,7 puntos en los niveles de desocupaci\u00f3n respecto del trimestre anterior. En la capital provincial, el desempleo subi\u00f3 al 6,2 por ciento<\/strong><\/em><\/p>\n<p>&nbsp;<\/p>\n<p>&nbsp;<\/p>\n<p>La tasa de Desocupaci\u00f3n baj\u00f3 al 6,2% al t\u00e9rmino del segundo trimestre de este a\u00f1o, frente al 6,9% del primer trimestre del a\u00f1o y de abril-junio del a\u00f1o pasado, inform\u00f3 este mi\u00e9rcoles el Instituto Nacional de Estad\u00edstica y Censos (Indec).<\/p>\n<p>La baja registrada a nivel nacional tambi\u00e9n se vio reflejada en uno de los conglomerados que el Organismo mide. Se trata de Concordia, en donde la desocupaci\u00f3n en este segundo trimestre fue del 6,8 por ciento. 1,7 puntos menos que en el trimestre anterior y 2,5 puntos menos que en el mismo per\u00edodo del a\u00f1o pasado.<\/p>\n<p>Aqu\u00ed los ocupados demandantes de trabajo se ubicaron en el 13,7 por ciento, mientras que los subocupados alcanzaron el 15,4 por ciento.<\/p>\n<p>Adem\u00e1s, el Indec mide el Gran Paran\u00e1, en donde la desocupaci\u00f3n alcanz\u00f3 el 6,2 por ciento; un 1,8 por ciento m\u00e1s que hace un a\u00f1o atr\u00e1s y un 1,5 por encima del trimestre pasado.<\/p>\n<p>Los ocupados demandantes de trabajo bajaron y alcanzaron el 15,1 por ciento, al igual que los subocupados que se ubicaron en el 14,9 por ciento.<\/p>\n","protected":false},"excerpt":{"rendered":"<p>Seg\u00fan los datos revelados este mi\u00e9rcoles por el Instituto Nacional de Estad\u00edstica y Censos (Indec), uno de los principales conglomerados de la provincia registr\u00f3 un descenso de 1,7 puntos en los niveles de desocupaci\u00f3n respecto del trimestre anterior. En la capital provincial, el desempleo subi\u00f3 al 6,2 por ciento &nbsp; &nbsp; La tasa de Desocupaci\u00f3n baj\u00f3 al 6,2% al t\u00e9rmino del segundo trimestre de este a\u00f1o, frente al 6,9% del primer trimestre del a\u00f1o y de abril-junio del a\u00f1o pasado, inform\u00f3 este mi\u00e9rcoles el Instituto Nacional de Estad\u00edstica y Censos&#8230;<\/p>\n","protected":false},"author":3,"featured_media":99413,"comment_status":"closed","ping_status":"closed","sticky":false,"template":"","format":"standard","meta":[],"categories":[9,15],"tags":[],"_links":{"self":[{"href":"https:\/\/www.actualidadadiario.com\/index.php\/wp-json\/wp\/v2\/posts\/108323"}],"collection":[{"href":"https:\/\/www.actualidadadiario.com\/index.php\/wp-json\/wp\/v2\/posts"}],"about":[{"href":"https:\/\/www.actualidadadiario.com\/index.php\/wp-json\/wp\/v2\/types\/post"}],"author":[{"embeddable":true,"href":"https:\/\/www.actualidadadiario.com\/index.php\/wp-json\/wp\/v2\/users\/3"}],"replies":[{"embeddable":true,"href":"https:\/\/www.actualidadadiario.com\/index.php\/wp-json\/wp\/v2\/comments?post=108323"}],"version-history":[{"count":1,"href":"https:\/\/www.actualidadadiario.com\/index.php\/wp-json\/wp\/v2\/posts\/108323\/revisions"}],"predecessor-version":[{"id":108324,"href":"https:\/\/www.actualidadadiario.com\/index.php\/wp-json\/wp\/v2\/posts\/108323\/revisions\/108324"}],"wp:featuredmedia":[{"embeddable":true,"href":"https:\/\/www.actualidadadiario.com\/index.php\/wp-json\/wp\/v2\/media\/99413"}],"wp:attachment":[{"href":"https:\/\/www.actualidadadiario.com\/index.php\/wp-json\/wp\/v2\/media?parent=108323"}],"wp:term":[{"taxonomy":"category","embeddable":true,"href":"https:\/\/www.actualidadadiario.com\/index.php\/wp-json\/wp\/v2\/categories?post=108323"},{"taxonomy":"post_tag","embeddable":true,"href":"https:\/\/www.actualidadadiario.com\/index.php\/wp-json\/wp\/v2\/tags?post=108323"}],"curies":[{"name":"wp","href":"https:\/\/api.w.org\/{rel}","templated":true}]}}