{"id":108320,"date":"2023-09-21T12:26:58","date_gmt":"2023-09-21T15:26:58","guid":{"rendered":"https:\/\/www.actualidadadiario.com\/?p=108320"},"modified":"2023-09-21T12:26:58","modified_gmt":"2023-09-21T15:26:58","slug":"periodista-entrerriana-sera-moderadora-en-el-primer-debate-de-candidatos-a-presidente","status":"publish","type":"post","link":"https:\/\/www.actualidadadiario.com\/index.php\/2023\/09\/21\/periodista-entrerriana-sera-moderadora-en-el-primer-debate-de-candidatos-a-presidente\/","title":{"rendered":"Periodista entrerriana ser\u00e1 moderadora en el primer debate de candidatos a presidente"},"content":{"rendered":"<p style=\"text-align: center;\"><em><strong>Evangelina Ramallo, periodista de Canal 9 Litoral, ser\u00e1 una de las moderadoras en el debate presidencial que se realizar\u00e1 el 1 de octubre, en Santiago del Estero<\/strong><\/em><\/p>\n<p>&nbsp;<\/p>\n<p>&nbsp;<\/p>\n<p>El pr\u00f3ximo 1 de octubre se llevar\u00e1 a cabo el primer debate presidencial de cara a las elecciones pactadas para el 22 de octubre. Se realizar\u00e1 en el Centro de Convenciones Provincial Forum, con sede en la ciudad de Santiago del Estero.<\/p>\n<p>El debate lo conducir\u00e1n cuatro periodistas, entre las que se encuentra la entrerriana Evangelina Ramallo, perteneciente a la Asociaci\u00f3n de Teleradiodifusoras Argentinas. Los otros tres moderadores ser\u00e1n Rodolfo Barili (Telefe), Esteban Mirol (El Nueve) y Lucila Trujillo (TV P\u00fablica).<\/p>\n<p>La elecci\u00f3n provino de un sorteo realizado este mediod\u00eda en la C\u00e1mara Nacional Electoral, al cabo de una reuni\u00f3n de la que participaron el secretario de Actuaci\u00f3n Electoral de ese Tribunal Sebasti\u00e1n Schimmel, los representantes de los cinco candidatos presidenciales, integrantes de la C\u00e1mara Argentina de Productoras Independientes de Televisi\u00f3n (CAPIT), que tiene a su cargo la producci\u00f3n y realizaci\u00f3n,\u00a0 y de la Televisi\u00f3n P\u00fablica, responsable de la transmisi\u00f3n.<\/p>\n<p>Este encuentro ser\u00e1 transmitido en vivo por la Televisi\u00f3n P\u00fablica (TVP) con la posibilidad de ser retransmitidos por el resto de las emisoras del pa\u00eds, con horario a definir.<\/p>\n<p>Para el segundo debate, estar\u00e1n a cargo de la conducci\u00f3n Marcelo Bonelli, Mariana Ver\u00f3n, Sergio Roulier y Soledad Larghi. Este debate se har\u00e1 el 8 de octubre en la Facultad de Derecho de la UBA, en la Ciudad de Buenos Aires.<\/p>\n","protected":false},"excerpt":{"rendered":"<p>Evangelina Ramallo, periodista de Canal 9 Litoral, ser\u00e1 una de las moderadoras en el debate presidencial que se realizar\u00e1 el 1 de octubre, en Santiago del Estero &nbsp; &nbsp; El pr\u00f3ximo 1 de octubre se llevar\u00e1 a cabo el primer debate presidencial de cara a las elecciones pactadas para el 22 de octubre. Se realizar\u00e1 en el Centro de Convenciones Provincial Forum, con sede en la ciudad de Santiago del Estero. El debate lo conducir\u00e1n cuatro periodistas, entre las que se encuentra la entrerriana Evangelina Ramallo, perteneciente a la Asociaci\u00f3n&#8230;<\/p>\n","protected":false},"author":3,"featured_media":108321,"comment_status":"closed","ping_status":"closed","sticky":false,"template":"","format":"standard","meta":[],"categories":[15],"tags":[],"_links":{"self":[{"href":"https:\/\/www.actualidadadiario.com\/index.php\/wp-json\/wp\/v2\/posts\/108320"}],"collection":[{"href":"https:\/\/www.actualidadadiario.com\/index.php\/wp-json\/wp\/v2\/posts"}],"about":[{"href":"https:\/\/www.actualidadadiario.com\/index.php\/wp-json\/wp\/v2\/types\/post"}],"author":[{"embeddable":true,"href":"https:\/\/www.actualidadadiario.com\/index.php\/wp-json\/wp\/v2\/users\/3"}],"replies":[{"embeddable":true,"href":"https:\/\/www.actualidadadiario.com\/index.php\/wp-json\/wp\/v2\/comments?post=108320"}],"version-history":[{"count":1,"href":"https:\/\/www.actualidadadiario.com\/index.php\/wp-json\/wp\/v2\/posts\/108320\/revisions"}],"predecessor-version":[{"id":108322,"href":"https:\/\/www.actualidadadiario.com\/index.php\/wp-json\/wp\/v2\/posts\/108320\/revisions\/108322"}],"wp:featuredmedia":[{"embeddable":true,"href":"https:\/\/www.actualidadadiario.com\/index.php\/wp-json\/wp\/v2\/media\/108321"}],"wp:attachment":[{"href":"https:\/\/www.actualidadadiario.com\/index.php\/wp-json\/wp\/v2\/media?parent=108320"}],"wp:term":[{"taxonomy":"category","embeddable":true,"href":"https:\/\/www.actualidadadiario.com\/index.php\/wp-json\/wp\/v2\/categories?post=108320"},{"taxonomy":"post_tag","embeddable":true,"href":"https:\/\/www.actualidadadiario.com\/index.php\/wp-json\/wp\/v2\/tags?post=108320"}],"curies":[{"name":"wp","href":"https:\/\/api.w.org\/{rel}","templated":true}]}}