{"id":108317,"date":"2023-09-21T12:26:08","date_gmt":"2023-09-21T15:26:08","guid":{"rendered":"https:\/\/www.actualidadadiario.com\/?p=108317"},"modified":"2023-09-21T12:28:10","modified_gmt":"2023-09-21T15:28:10","slug":"iosper-presento-el-programa-de-prevencion-de-cancer-de-colon","status":"publish","type":"post","link":"https:\/\/www.actualidadadiario.com\/index.php\/2023\/09\/21\/iosper-presento-el-programa-de-prevencion-de-cancer-de-colon\/","title":{"rendered":"Iosper present\u00f3 el Programa de prevenci\u00f3n de c\u00e1ncer de colon"},"content":{"rendered":"<p style=\"text-align: center;\"><em><strong>El Instituto Obra Social de la Provincia de Entre R\u00edos (Iosper) lanz\u00f3 el Programa de prevenci\u00f3n de c\u00e1ncer de colon. La prueba piloto implicar\u00e1 un universo de 60 mil afiliados, con una inversi\u00f3n de 600 millones de pesos en 12 meses<\/strong><\/em><\/p>\n<p>&nbsp;<\/p>\n<p>&nbsp;<\/p>\n<p>Desde el 1 de octubre \u201centrar\u00e1 en vigencia el Programa de prevenci\u00f3n de c\u00e1ncer de colon que, para nosotros es muy importante, ya que actualmente el c\u00e1ncer constituye la segunda causa de muerte de Argentina, siendo el c\u00e1ncer de colon el segundo tipo m\u00e1s frecuente\u201d, indic\u00f3 el presidente del Directorio Obrero, Fernando Ca\u00f1ete, quien destac\u00f3 que \u201cen la mayor\u00eda de los casos, el CCR se puede detectar en etapas tempranas mediante programas de tamizaje poblacional como el que llevar\u00e1 adelante Iosper\u201d.<\/p>\n<p>En ese marco, precis\u00f3 que el Programa \u201cabarcar\u00e1 a afiliados de entre 50 a 65 a\u00f1os, como una prueba piloto, que implica un universo de 60.000 afiliados, que implicar\u00e1 una inversi\u00f3n de 600 millones de pesos en 12 meses\u201d.<\/p>\n<p>En ese sentido, el presidente del Colegio de Bioqu\u00edmicos de Entre R\u00edos (Cober), Roberto Gebhart, dijo que \u201ces muy importante el programa, ya que el c\u00e1ncer de colon rectal tiene un alto impacto en la poblaci\u00f3n y a trav\u00e9s de t\u00e9cnicas y an\u00e1lisis relativamente simples es posible detectarlo, prevenirlo y evitar que progrese a una enfermedad m\u00e1s avanzada\u201d.<\/p>\n<p>Por su parte, la presidenta de la Asociaci\u00f3n de Cl\u00ednicas de Entre R\u00edos (Acler), Silvia D\u2019 Agostino, consider\u00f3 que \u201cel lanzamiento es un paso adelante en la pol\u00edtica de prevenci\u00f3n del Instituto\u201d.<\/p>\n<p>A esta iniciativa que implementar\u00e1 Iosper \u201cla apoyamos, igual que Acler y Cober, desde la Federaci\u00f3n M\u00e9dica de Entre R\u00edos (Femer), por el hecho de que es un acto de prevenci\u00f3n muy importante para la poblaci\u00f3n de la provincia\u201d, asegur\u00f3 el presidente de la entidad, Fernando V\u00e1squez Vuelta.<\/p>\n","protected":false},"excerpt":{"rendered":"<p>El Instituto Obra Social de la Provincia de Entre R\u00edos (Iosper) lanz\u00f3 el Programa de prevenci\u00f3n de c\u00e1ncer de colon. La prueba piloto implicar\u00e1 un universo de 60 mil afiliados, con una inversi\u00f3n de 600 millones de pesos en 12 meses &nbsp; &nbsp; Desde el 1 de octubre \u201centrar\u00e1 en vigencia el Programa de prevenci\u00f3n de c\u00e1ncer de colon que, para nosotros es muy importante, ya que actualmente el c\u00e1ncer constituye la segunda causa de muerte de Argentina, siendo el c\u00e1ncer de colon el segundo tipo m\u00e1s frecuente\u201d, indic\u00f3 el&#8230;<\/p>\n","protected":false},"author":3,"featured_media":108318,"comment_status":"closed","ping_status":"closed","sticky":false,"template":"","format":"standard","meta":[],"categories":[15],"tags":[],"_links":{"self":[{"href":"https:\/\/www.actualidadadiario.com\/index.php\/wp-json\/wp\/v2\/posts\/108317"}],"collection":[{"href":"https:\/\/www.actualidadadiario.com\/index.php\/wp-json\/wp\/v2\/posts"}],"about":[{"href":"https:\/\/www.actualidadadiario.com\/index.php\/wp-json\/wp\/v2\/types\/post"}],"author":[{"embeddable":true,"href":"https:\/\/www.actualidadadiario.com\/index.php\/wp-json\/wp\/v2\/users\/3"}],"replies":[{"embeddable":true,"href":"https:\/\/www.actualidadadiario.com\/index.php\/wp-json\/wp\/v2\/comments?post=108317"}],"version-history":[{"count":1,"href":"https:\/\/www.actualidadadiario.com\/index.php\/wp-json\/wp\/v2\/posts\/108317\/revisions"}],"predecessor-version":[{"id":108319,"href":"https:\/\/www.actualidadadiario.com\/index.php\/wp-json\/wp\/v2\/posts\/108317\/revisions\/108319"}],"wp:featuredmedia":[{"embeddable":true,"href":"https:\/\/www.actualidadadiario.com\/index.php\/wp-json\/wp\/v2\/media\/108318"}],"wp:attachment":[{"href":"https:\/\/www.actualidadadiario.com\/index.php\/wp-json\/wp\/v2\/media?parent=108317"}],"wp:term":[{"taxonomy":"category","embeddable":true,"href":"https:\/\/www.actualidadadiario.com\/index.php\/wp-json\/wp\/v2\/categories?post=108317"},{"taxonomy":"post_tag","embeddable":true,"href":"https:\/\/www.actualidadadiario.com\/index.php\/wp-json\/wp\/v2\/tags?post=108317"}],"curies":[{"name":"wp","href":"https:\/\/api.w.org\/{rel}","templated":true}]}}