{"id":108315,"date":"2023-09-21T12:25:03","date_gmt":"2023-09-21T15:25:03","guid":{"rendered":"https:\/\/www.actualidadadiario.com\/?p=108315"},"modified":"2023-09-21T12:25:03","modified_gmt":"2023-09-21T15:25:03","slug":"se-encuentran-abiertas-las-inscripciones-para-la-semana-de-la-ciencia-en-entre-rios-3","status":"publish","type":"post","link":"https:\/\/www.actualidadadiario.com\/index.php\/2023\/09\/21\/se-encuentran-abiertas-las-inscripciones-para-la-semana-de-la-ciencia-en-entre-rios-3\/","title":{"rendered":"Se encuentran abiertas las inscripciones para la Semana de la Ciencia en Entre R\u00edos"},"content":{"rendered":"<p style=\"text-align: center;\"><em><strong>La actividad se desarrollar\u00e1 el mi\u00e9rcoles 4 de octubre de 9 a 16 en la Plaza San Mart\u00edn (Urquiza y Echag\u00fce) de la ciudad de Diamante. Ser\u00e1 un espacio dise\u00f1ado por el CICYTTP (Conicet \u2013Uader) para compartir actividades de comunicaci\u00f3n de la ciencia, dirigidas a p\u00fablico general. En noviembre habr\u00e1 actividades en Paran\u00e1<\/strong><\/em><\/p>\n<p>&nbsp;<\/p>\n<p>&nbsp;<\/p>\n<p>Se informa a la comunidad entrerriana que est\u00e1 abierta la inscripci\u00f3n a la Semana Argentina de la Ciencia y la Tecnolog\u00eda en CONICET.<\/p>\n<p><strong>M\u00e1s info en:<\/strong> https:\/\/santafe.conicet.gov.ar\/semanadelaciencia\/<\/p>\n<p>En su XXI edici\u00f3n, la Semana Argentina de la Ciencia y la Tecnolog\u00eda es organizada de manera conjunta entre el Consejo Nacional de Investigaciones Cient\u00edficas y T\u00e9cnicas (CONICET Santa Fe) y la Universidad Nacional del Litoral (UNL). Este evento es una iniciativa del Ministerio de Ciencia, Tecnolog\u00eda e Innovaci\u00f3n Productiva de la Naci\u00f3n (MINCYT), a la cual el CONICET Santa Fe adhiere -desde 2016- a trav\u00e9s del \u00c1rea de Comunicaci\u00f3n Social que gestiona y organiza las actividades con 20 institutos y diversas \u00e1reas de servicios del organismo.<\/p>\n<p>La \u201cSemana\u201d es un encuentro anual entre la comunidad cient\u00edfica y la ciudadan\u00eda para la comunicaci\u00f3n de la ciencia, la tecnolog\u00eda y la innovaci\u00f3n. En todo el pa\u00eds se realizan acciones, abriendo las puertas de los lugares donde se produce conocimiento cient\u00edfico o de espacios alternativos de apropiaci\u00f3n del mismo. Talleres, circuitos, charlas, juegos y experimentos sencillos sobre las m\u00e1s variadas disciplinas junto a visitas a escuelas p\u00fablicas y privadas, son algunas de las acciones que se llevar\u00e1n a cabo en el marco de la edici\u00f3n 2023. Habr\u00e1 actividades en los Institutos, Centros y Facultades de Paran\u00e1, Diamante -provincia de Entre R\u00edos-; Esperanza y Santa Fe -provincia de Santa Fe-; situaci\u00f3n que pone de manifiesto el fuerte anclaje territorial de la organizaci\u00f3n de las actividades en el marco de la Semana Argentina de la Ciencia y la Tecnolog\u00eda.<\/p>\n<p>&nbsp;<\/p>\n<p><strong>En octubre en Diamante<\/strong><\/p>\n<p>Semana de la Ciencia en la Plaza San Mart\u00edn. El mi\u00e9rcoles 4 de octubre, de 9 a 16 horas, en la Plaza San Mart\u00edn (Urquiza y Echag\u00fce), de la ciudad de Diamante, un espacio dise\u00f1ado por el CICYTTP (CONICET-UADER-Prov. Entre R\u00edos) para compartir actividades de comunicaci\u00f3n de la ciencia, dirigidas a p\u00fablico general.<\/p>\n<p>Algunas de las propuestas: Conservando ando: nuestra fauna, Todo se transforma, El saber cultural y la ciencia, Geomisterios, Desaf\u00edo Sensorial al Extremo: Explor\u00e1, Prob\u00e1 y Gan\u00e1, Preservaci\u00f3n, patrimonio arqueol\u00f3gico y paleontol\u00f3gico, Dendrocronolog\u00eda:\u00bfpredicci\u00f3n del clima?, \u00bfC\u00f3mo se realiza una investigaci\u00f3n?, Arqueolog\u00eda en vivo, entre otras.<\/p>\n<p>\u00c1reas tem\u00e1ticas de las propuestas: agropecuaria, antropolog\u00eda, arqueolog\u00eda, biolog\u00eda, cultura cient\u00edfica, ecolog\u00eda, geolog\u00eda, medio ambiente y paleontolog\u00eda.<\/p>\n<p>Entrada libre y gratuita, sin reserva previa.<\/p>\n<p>&nbsp;<\/p>\n<p><strong>En noviembre en Paran\u00e1<\/strong><\/p>\n<p>Propuestas: Nuestra identidad, nuestro patrimonio (taller); Ciencia, Trabajo Social y Derechos Humanos (taller); La cotidianeidad de la ciencia en el territorio entrerriano (charla); Huellas en la historia entrerriana de las infancias y juventudes: educaci\u00f3n, trabajo y ruralidad (muestra &#8211; exhibici\u00f3n); Ciencias Sociales, \u00bfPara qu\u00e9? (taller).<\/p>\n<p>Las actividades se realizan en el INES (CONICET-UNER), La Rioja 6, ciudad de Paran\u00e1.<\/p>\n<p><strong>M\u00e1s info en:<\/strong> https:\/\/santafe.conicet.gov.ar\/del-13-al-19-de-noviembre-en-parana-entre-rios\/.<\/p>\n","protected":false},"excerpt":{"rendered":"<p>La actividad se desarrollar\u00e1 el mi\u00e9rcoles 4 de octubre de 9 a 16 en la Plaza San Mart\u00edn (Urquiza y Echag\u00fce) de la ciudad de Diamante. Ser\u00e1 un espacio dise\u00f1ado por el CICYTTP (Conicet \u2013Uader) para compartir actividades de comunicaci\u00f3n de la ciencia, dirigidas a p\u00fablico general. En noviembre habr\u00e1 actividades en Paran\u00e1 &nbsp; &nbsp; Se informa a la comunidad entrerriana que est\u00e1 abierta la inscripci\u00f3n a la Semana Argentina de la Ciencia y la Tecnolog\u00eda en CONICET. M\u00e1s info en: https:\/\/santafe.conicet.gov.ar\/semanadelaciencia\/ En su XXI edici\u00f3n, la Semana Argentina de&#8230;<\/p>\n","protected":false},"author":3,"featured_media":108192,"comment_status":"closed","ping_status":"closed","sticky":false,"template":"","format":"standard","meta":[],"categories":[15],"tags":[],"_links":{"self":[{"href":"https:\/\/www.actualidadadiario.com\/index.php\/wp-json\/wp\/v2\/posts\/108315"}],"collection":[{"href":"https:\/\/www.actualidadadiario.com\/index.php\/wp-json\/wp\/v2\/posts"}],"about":[{"href":"https:\/\/www.actualidadadiario.com\/index.php\/wp-json\/wp\/v2\/types\/post"}],"author":[{"embeddable":true,"href":"https:\/\/www.actualidadadiario.com\/index.php\/wp-json\/wp\/v2\/users\/3"}],"replies":[{"embeddable":true,"href":"https:\/\/www.actualidadadiario.com\/index.php\/wp-json\/wp\/v2\/comments?post=108315"}],"version-history":[{"count":1,"href":"https:\/\/www.actualidadadiario.com\/index.php\/wp-json\/wp\/v2\/posts\/108315\/revisions"}],"predecessor-version":[{"id":108316,"href":"https:\/\/www.actualidadadiario.com\/index.php\/wp-json\/wp\/v2\/posts\/108315\/revisions\/108316"}],"wp:featuredmedia":[{"embeddable":true,"href":"https:\/\/www.actualidadadiario.com\/index.php\/wp-json\/wp\/v2\/media\/108192"}],"wp:attachment":[{"href":"https:\/\/www.actualidadadiario.com\/index.php\/wp-json\/wp\/v2\/media?parent=108315"}],"wp:term":[{"taxonomy":"category","embeddable":true,"href":"https:\/\/www.actualidadadiario.com\/index.php\/wp-json\/wp\/v2\/categories?post=108315"},{"taxonomy":"post_tag","embeddable":true,"href":"https:\/\/www.actualidadadiario.com\/index.php\/wp-json\/wp\/v2\/tags?post=108315"}],"curies":[{"name":"wp","href":"https:\/\/api.w.org\/{rel}","templated":true}]}}