{"id":108302,"date":"2023-09-20T14:50:02","date_gmt":"2023-09-20T17:50:02","guid":{"rendered":"https:\/\/www.actualidadadiario.com\/?p=108302"},"modified":"2023-09-20T14:50:02","modified_gmt":"2023-09-20T17:50:02","slug":"una-mujer-suprimira-su-apellido-paterno-por-la-violencia-sufrida-en-su-infancia","status":"publish","type":"post","link":"https:\/\/www.actualidadadiario.com\/index.php\/2023\/09\/20\/una-mujer-suprimira-su-apellido-paterno-por-la-violencia-sufrida-en-su-infancia\/","title":{"rendered":"Una mujer suprimir\u00e1 su apellido paterno por la violencia sufrida en su infancia"},"content":{"rendered":"<p style=\"text-align: center;\"><em><strong>As\u00ed lo autoriz\u00f3 la C\u00e1mara Civil de General Roca, luego de que la joven de 26 a\u00f1os relatara en primera persona la violencia psicol\u00f3gica y econ\u00f3mica sufrida durante su ni\u00f1ez y adolescencia<\/strong><\/em><\/p>\n<p>&nbsp;<\/p>\n<p>&nbsp;<\/p>\n<p>La Justicia de R\u00edo Negro inform\u00f3 que el fallo de la C\u00e1mara Civil de General Roca autoriz\u00f3 a una mujer de 26 a\u00f1os a suprimir su apellido paterno y remplazarlo por el materno debido a que sufri\u00f3 violencia econ\u00f3mica y psicol\u00f3gica durante su infancia.<\/p>\n<p>La joven relat\u00f3 en primera persona la violencia psicol\u00f3gica y econ\u00f3mica sufrida durante su ni\u00f1ez y adolescencia, explic\u00f3 que en aquellos a\u00f1os su padre la carg\u00f3 con reclamos y reproches, siempre ligados a la decisi\u00f3n de su madre de poner fin a la pareja y a la obligaci\u00f3n de pagar una cuota alimentaria.<\/p>\n<p>Habl\u00f3 de los sentimientos de angustia, miedo e inseguridad que, a pesar de los a\u00f1os, persisten en ella asociados a la figura de su progenitor, y recalc\u00f3 la ausencia hist\u00f3rica del hombre en los momentos significativos de su vida.<\/p>\n<p>Para la C\u00e1mara, la presentaci\u00f3n de la mujer, realizada a trav\u00e9s de la Defensa P\u00fablica de General Roca, logr\u00f3 acreditar un &#8220;justo motivo&#8221; para habilitar el cambio de apellido.<\/p>\n<p>El Tribunal record\u00f3 que el C\u00f3digo Civil y Comercial, en su art\u00edculo 69, establece que &#8220;el cambio de prenombre o apellido s\u00f3lo procede si existen justos motivos a criterio del juez&#8221;.<\/p>\n<p>La norma reconoce que hay un justo motivo cuando el nombre o el apellido generan una &#8220;afectaci\u00f3n de la personalidad de la persona interesada, cualquiera sea su causa, siempre que se encuentre acreditada&#8221;.<\/p>\n<p>La sentencia valor\u00f3 que no hubo ninguna oposici\u00f3n al pedido, ni del progenitor ni de terceras personas, y que tanto el Ministerio P\u00fablico Fiscal como el Registro Civil y de Capacidad de las Personas, la autoridad de aplicaci\u00f3n, prestaron su conformidad.<\/p>\n<p>La demanda hab\u00eda sido rechazada en primera instancia, pero en la etapa de apelaci\u00f3n, la Defensor\u00eda de Pobres y Ausentes N\u00b0 10 present\u00f3 informes psiqui\u00e1tricos y psicol\u00f3gicos sobre las profundas implicancias que tiene el apellido paterno para la joven.<\/p>\n<p>Seg\u00fan se explic\u00f3, &#8220;cuando conocemos a alguien, lo primero que hacemos es preguntar \u00bfc\u00f3mo te llamas?&#8221;<\/p>\n<p>&#8220;Y en la respuesta estar\u00e1 seguramente mucho de lo que son sus padres y familia, gustos, creencias, as\u00ed como tambi\u00e9n de lo que la persona ha ido construyendo, haci\u00e9ndola \u00fanica, inconfundible e insustituible&#8221;.<\/p>\n<p>&#8220;El nombre cobra, entonces, suma importancia en la construcci\u00f3n de la identidad personal&#8221;, reflexion\u00f3 la C\u00e1mara entre los fundamentos de su fallo.<\/p>\n<p>El Tribunal, integrado por Gustavo Mart\u00ednez, V\u00edctor Soto y Dino Maugeri, tuvo por acreditado que el apellido paterno impacta en &#8220;la salud ps\u00edquica de la persona, que se est\u00e1 viendo afectada por su portaci\u00f3n&#8221;, as\u00ed como en &#8220;el desarrollo pleno de su personalidad&#8221;.<\/p>\n<p>&#8220;No se trata, simplemente, de dar preponderancia a la libertad de elecci\u00f3n de las personas sino, sobre todo, de proteger su salud y asegurar el desarrollo de su personalidad que necesariamente ha de ser libre&#8221;, fundament\u00f3 la sentencia.<\/p>\n<p>La decisi\u00f3n del Tribunal, finalmente, hizo lugar a la demanda y dispuso &#8220;la supresi\u00f3n del apellido paterno en el nombre de la actora&#8221; y su nueva identificaci\u00f3n con el apellido materno en todos los documentos y registros oficiales.<\/p>\n<p>Por lo dem\u00e1s, agregaron, &#8220;no es posible inferir que el cambio de nombre pudiere generar alg\u00fan perjuicio y mucho menos que tuviere motivaciones reprochables, como podr\u00eda ser el eludir el cumplimiento de deberes u obligaciones o sustraerse a la acci\u00f3n de acreedores o autoridades&#8221;, concluy\u00f3 la sentencia.<\/p>\n<p>&nbsp;<\/p>\n<p><strong>Atenci\u00f3n especializada sobre los derechos de ni\u00f1as, ni\u00f1os y adolescentes<\/strong><\/p>\n<p>Por llamada gratuita y confidencial a la L\u00ednea 102.<\/p>\n<p>Si sos v\u00edctima de violencia familiar o sexual, llam\u00e1 a la L\u00ednea 137.<\/p>\n<p>Si no te podes comunicar, busc\u00e1 las \u00e1reas de ni\u00f1ez de tu provincia.<\/p>\n","protected":false},"excerpt":{"rendered":"<p>As\u00ed lo autoriz\u00f3 la C\u00e1mara Civil de General Roca, luego de que la joven de 26 a\u00f1os relatara en primera persona la violencia psicol\u00f3gica y econ\u00f3mica sufrida durante su ni\u00f1ez y adolescencia &nbsp; &nbsp; La Justicia de R\u00edo Negro inform\u00f3 que el fallo de la C\u00e1mara Civil de General Roca autoriz\u00f3 a una mujer de 26 a\u00f1os a suprimir su apellido paterno y remplazarlo por el materno debido a que sufri\u00f3 violencia econ\u00f3mica y psicol\u00f3gica durante su infancia. La joven relat\u00f3 en primera persona la violencia psicol\u00f3gica y econ\u00f3mica sufrida&#8230;<\/p>\n","protected":false},"author":3,"featured_media":108303,"comment_status":"closed","ping_status":"closed","sticky":false,"template":"","format":"standard","meta":[],"categories":[4],"tags":[],"_links":{"self":[{"href":"https:\/\/www.actualidadadiario.com\/index.php\/wp-json\/wp\/v2\/posts\/108302"}],"collection":[{"href":"https:\/\/www.actualidadadiario.com\/index.php\/wp-json\/wp\/v2\/posts"}],"about":[{"href":"https:\/\/www.actualidadadiario.com\/index.php\/wp-json\/wp\/v2\/types\/post"}],"author":[{"embeddable":true,"href":"https:\/\/www.actualidadadiario.com\/index.php\/wp-json\/wp\/v2\/users\/3"}],"replies":[{"embeddable":true,"href":"https:\/\/www.actualidadadiario.com\/index.php\/wp-json\/wp\/v2\/comments?post=108302"}],"version-history":[{"count":1,"href":"https:\/\/www.actualidadadiario.com\/index.php\/wp-json\/wp\/v2\/posts\/108302\/revisions"}],"predecessor-version":[{"id":108304,"href":"https:\/\/www.actualidadadiario.com\/index.php\/wp-json\/wp\/v2\/posts\/108302\/revisions\/108304"}],"wp:featuredmedia":[{"embeddable":true,"href":"https:\/\/www.actualidadadiario.com\/index.php\/wp-json\/wp\/v2\/media\/108303"}],"wp:attachment":[{"href":"https:\/\/www.actualidadadiario.com\/index.php\/wp-json\/wp\/v2\/media?parent=108302"}],"wp:term":[{"taxonomy":"category","embeddable":true,"href":"https:\/\/www.actualidadadiario.com\/index.php\/wp-json\/wp\/v2\/categories?post=108302"},{"taxonomy":"post_tag","embeddable":true,"href":"https:\/\/www.actualidadadiario.com\/index.php\/wp-json\/wp\/v2\/tags?post=108302"}],"curies":[{"name":"wp","href":"https:\/\/api.w.org\/{rel}","templated":true}]}}