{"id":108300,"date":"2023-09-20T14:49:14","date_gmt":"2023-09-20T17:49:14","guid":{"rendered":"https:\/\/www.actualidadadiario.com\/?p=108300"},"modified":"2023-09-20T14:49:14","modified_gmt":"2023-09-20T17:49:14","slug":"facebook-indemnizara-a-los-usuarios-por-vender-datos-personales","status":"publish","type":"post","link":"https:\/\/www.actualidadadiario.com\/index.php\/2023\/09\/20\/facebook-indemnizara-a-los-usuarios-por-vender-datos-personales\/","title":{"rendered":"Facebook indemnizar\u00e1 a los usuarios por vender datos personales"},"content":{"rendered":"<p style=\"text-align: center;\"><em><strong>Los usuarios activos entre mayo de 2007 y diciembre de 2022 podr\u00e1n presentarse como damnificados llenando un formulario<\/strong><\/em><\/p>\n<p>&nbsp;<\/p>\n<p>&nbsp;<\/p>\n<p>Meta, la compa\u00f1\u00eda de Mark Zuckerberg, indemnizar\u00e1 a los usuarios de Facebook por vender sus datos personales a terceros sin su consentimiento.<\/p>\n<p>Este esc\u00e1ndalo se desat\u00f3 en 2018, cuando se pudo conocer que Facebook vendi\u00f3 informaci\u00f3n personal de hasta 87 millones de usuarios a la consultora pol\u00edtica Cambridge Analytica. Esto termin\u00f3 en una demanda masiva que abarc\u00f3 varios casos.<\/p>\n<p>Esta consultora utiliz\u00f3 los datos para la campa\u00f1a para presidente estadounidense de Donald Trump en 2016, por lo que se inici\u00f3 la demanda contra la red social creada por Zuckerberg por el uso inapropiado de datos.<\/p>\n<p>Seg\u00fan detallaron los abogados encargados de llevar el caso, hubo 28 millones de solicitudes de pago, de los cuales 17 millones fueron validados preliminarmente y que, en caso de recibir la aprobaci\u00f3n final, recibir\u00e1n el pago.<\/p>\n<p>Meta, por su parte, neg\u00f3 haber actuado mal pero finalmente lleg\u00f3 a un acuerdo en diciembre para evitar costos mayores en caso de continuar con el caso.<\/p>\n<p>&nbsp;<\/p>\n<p><strong>De cu\u00e1nto ser\u00e1 la indemnizaci\u00f3n de Facebook<\/strong><\/p>\n<p>Se pudo conocer que Facebook pagar\u00e1 725 millones de d\u00f3lares, pero hay que descontar el 25% (180 millones de d\u00f3lares) por los honorarios de los abogados que llevan adelante la demanda.<\/p>\n<p>Esto significa que quedar\u00edan 544 millones de d\u00f3lares para repartir entre 240 millones de usuarios.<\/p>\n<p>Por otra parte, los ocho demandantes representantes de los usuarios de Facebook percibir\u00e1n la suma de 15 mil d\u00f3lares.<\/p>\n","protected":false},"excerpt":{"rendered":"<p>Los usuarios activos entre mayo de 2007 y diciembre de 2022 podr\u00e1n presentarse como damnificados llenando un formulario &nbsp; &nbsp; Meta, la compa\u00f1\u00eda de Mark Zuckerberg, indemnizar\u00e1 a los usuarios de Facebook por vender sus datos personales a terceros sin su consentimiento. Este esc\u00e1ndalo se desat\u00f3 en 2018, cuando se pudo conocer que Facebook vendi\u00f3 informaci\u00f3n personal de hasta 87 millones de usuarios a la consultora pol\u00edtica Cambridge Analytica. Esto termin\u00f3 en una demanda masiva que abarc\u00f3 varios casos. Esta consultora utiliz\u00f3 los datos para la campa\u00f1a para presidente estadounidense&#8230;<\/p>\n","protected":false},"author":3,"featured_media":90851,"comment_status":"closed","ping_status":"closed","sticky":false,"template":"","format":"standard","meta":[],"categories":[4],"tags":[],"_links":{"self":[{"href":"https:\/\/www.actualidadadiario.com\/index.php\/wp-json\/wp\/v2\/posts\/108300"}],"collection":[{"href":"https:\/\/www.actualidadadiario.com\/index.php\/wp-json\/wp\/v2\/posts"}],"about":[{"href":"https:\/\/www.actualidadadiario.com\/index.php\/wp-json\/wp\/v2\/types\/post"}],"author":[{"embeddable":true,"href":"https:\/\/www.actualidadadiario.com\/index.php\/wp-json\/wp\/v2\/users\/3"}],"replies":[{"embeddable":true,"href":"https:\/\/www.actualidadadiario.com\/index.php\/wp-json\/wp\/v2\/comments?post=108300"}],"version-history":[{"count":1,"href":"https:\/\/www.actualidadadiario.com\/index.php\/wp-json\/wp\/v2\/posts\/108300\/revisions"}],"predecessor-version":[{"id":108301,"href":"https:\/\/www.actualidadadiario.com\/index.php\/wp-json\/wp\/v2\/posts\/108300\/revisions\/108301"}],"wp:featuredmedia":[{"embeddable":true,"href":"https:\/\/www.actualidadadiario.com\/index.php\/wp-json\/wp\/v2\/media\/90851"}],"wp:attachment":[{"href":"https:\/\/www.actualidadadiario.com\/index.php\/wp-json\/wp\/v2\/media?parent=108300"}],"wp:term":[{"taxonomy":"category","embeddable":true,"href":"https:\/\/www.actualidadadiario.com\/index.php\/wp-json\/wp\/v2\/categories?post=108300"},{"taxonomy":"post_tag","embeddable":true,"href":"https:\/\/www.actualidadadiario.com\/index.php\/wp-json\/wp\/v2\/tags?post=108300"}],"curies":[{"name":"wp","href":"https:\/\/api.w.org\/{rel}","templated":true}]}}