{"id":108298,"date":"2023-09-20T14:48:26","date_gmt":"2023-09-20T17:48:26","guid":{"rendered":"https:\/\/www.actualidadadiario.com\/?p=108298"},"modified":"2023-09-20T14:48:26","modified_gmt":"2023-09-20T17:48:26","slug":"iran-endurece-las-penas-contra-las-mujeres-que-no-usen-el-velo-en-lugares-publicos","status":"publish","type":"post","link":"https:\/\/www.actualidadadiario.com\/index.php\/2023\/09\/20\/iran-endurece-las-penas-contra-las-mujeres-que-no-usen-el-velo-en-lugares-publicos\/","title":{"rendered":"Ir\u00e1n endurece las penas contra las mujeres que no usen el velo en lugares p\u00fablicos"},"content":{"rendered":"<p style=\"text-align: center;\"><em><strong>La nueva ley prev\u00e9 sanciones financieras por &#8220;la promoci\u00f3n del desnudo&#8221; o la &#8220;burla del velo&#8221; en los medios y las redes sociales, as\u00ed como multas y prohibiciones de salir del pa\u00eds<\/strong><\/em><\/p>\n<p>&nbsp;<\/p>\n<p>&nbsp;<\/p>\n<p>El Parlamento iran\u00ed aprob\u00f3 una ley que endurece las sanciones contra las mujeres que se nieguen a usar el velo isl\u00e1mico en p\u00fablico, incluyendo hasta 10 a\u00f1os de prisi\u00f3n, tras la represi\u00f3n de protestas por la muerte de una joven detenida por llevarlo mal puesto.<\/p>\n<p>La sanci\u00f3n lleg\u00f3 cuatro d\u00edas despu\u00e9s del primer aniversario de la muerte de Masha Amini, una joven de etnia kurda de 22 a\u00f1os que falleci\u00f3 mientras estaba en un hospital al que hab\u00eda sido llevada por la Polic\u00eda tras descompensarse en una comisar\u00eda de Teher\u00e1n.<\/p>\n<p>Las sospechas de que muri\u00f3 golpeada por la Polic\u00eda desataron una gran ola de protestas en el pa\u00eds fuertemente conservador, que es gobernado por cl\u00e9rigos isl\u00e1micos no electos y tiene un estricto c\u00f3digo de vestimenta para que las mujeres se cubran el cuerpo.<\/p>\n<p>Las protestas fueron aplastadas tras varios meses.<\/p>\n<p>Con 152 votos a favor, 34 en contra y siete abstenciones, los diputados iran\u00edes aprobaron la ley &#8220;Apoyo a la cultura de la castidad y el velo&#8221;, que era discutida desde hace varios meses y hab\u00eda sido cuestionada por la ONU, inform\u00f3 la agencia de noticias AFP.<\/p>\n<p>La legislaci\u00f3n prev\u00e9 sanciones financieras por &#8220;la promoci\u00f3n del desnudo&#8221; o la &#8220;burla del velo&#8221; en los medios y las redes sociales, as\u00ed como multas y prohibiciones de salir del pa\u00eds para los propietarios de empresas cuya empleadas no utilicen velo.<\/p>\n<p>Asimismo, contempla multas de 5 millones de rials (unos 12 d\u00f3lares) a los veh\u00edculos en los que las conductoras o acompa\u00f1antes lleven la cabeza descubierta o &#8220;vestimentas inapropiadas&#8221;, seg\u00fan el texto.<\/p>\n<p>Se considera &#8220;inapropiado&#8221; utilizar una vestimenta &#8220;ajustada&#8221; o que &#8220;exhiba una parte del cuerpo&#8221;, agrega la ley.<\/p>\n<p>Asimismo, se endurecieron las penas de prisi\u00f3n, que actualmente van desde los 10 d\u00edas a los dos meses, extendi\u00e9ndose a entre cinco y 10 a\u00f1os.<\/p>\n<p>Estas penas de c\u00e1rcel ser\u00e1n para &#8220;toda persona que&#8221; cometa el delito &#8220;de no llevar velo o usar vestimentas inapropiadas en cooperaci\u00f3n con los gobiernos, medios, grupos u organizaci\u00f3n extranjeras u hostiles o de manera organizada&#8221;, seg\u00fan el texto.<\/p>\n<p>Los diputados aprobaron el proyecto &#8220;por un periodo de prueba de tres a\u00f1os&#8221;, pero para convertirse en ley en toda regla, el texto debe recibir la luz verde del Consejo de los Guardianes de la Constituci\u00f3n.<\/p>\n<p>Desde la muerte de Amini, cada vez m\u00e1s mujeres salen a la calle con la cabeza descubierta en Ir\u00e1n, sobre todo en las grandes ciudades.<\/p>\n<p>En reacci\u00f3n a esto, las autoridades han tomado una serie de medidas que van desde el cierre de comercios, especialmente restaurantes, hasta la instalaci\u00f3n de c\u00e1maras en las calles para perseguir a aquellas que desaf\u00edan la prohibici\u00f3n.<\/p>\n<p>Mayor\u00eda en el Gobierno y el Parlamento por sobre los reformistas, los conservadores defienden con firmeza la obligaci\u00f3n del velo y estiman que su desaparici\u00f3n lanzar\u00eda un proceso que modificar\u00eda de manera profunda las &#8220;normas sociales&#8221;.<\/p>\n<p>El 14 de septiembre, la misi\u00f3n internacional independiente creada por la ONU tras las protestas de 2022 indic\u00f3 que si la nueva ley era adoptada &#8220;expondr\u00eda a las mujeres y j\u00f3venes a crecientes riesgos de violencia, acoso y detenci\u00f3n arbitraria&#8221;.<\/p>\n","protected":false},"excerpt":{"rendered":"<p>La nueva ley prev\u00e9 sanciones financieras por &#8220;la promoci\u00f3n del desnudo&#8221; o la &#8220;burla del velo&#8221; en los medios y las redes sociales, as\u00ed como multas y prohibiciones de salir del pa\u00eds &nbsp; &nbsp; El Parlamento iran\u00ed aprob\u00f3 una ley que endurece las sanciones contra las mujeres que se nieguen a usar el velo isl\u00e1mico en p\u00fablico, incluyendo hasta 10 a\u00f1os de prisi\u00f3n, tras la represi\u00f3n de protestas por la muerte de una joven detenida por llevarlo mal puesto. La sanci\u00f3n lleg\u00f3 cuatro d\u00edas despu\u00e9s del primer aniversario de la&#8230;<\/p>\n","protected":false},"author":3,"featured_media":108086,"comment_status":"closed","ping_status":"closed","sticky":false,"template":"","format":"standard","meta":[],"categories":[4],"tags":[],"_links":{"self":[{"href":"https:\/\/www.actualidadadiario.com\/index.php\/wp-json\/wp\/v2\/posts\/108298"}],"collection":[{"href":"https:\/\/www.actualidadadiario.com\/index.php\/wp-json\/wp\/v2\/posts"}],"about":[{"href":"https:\/\/www.actualidadadiario.com\/index.php\/wp-json\/wp\/v2\/types\/post"}],"author":[{"embeddable":true,"href":"https:\/\/www.actualidadadiario.com\/index.php\/wp-json\/wp\/v2\/users\/3"}],"replies":[{"embeddable":true,"href":"https:\/\/www.actualidadadiario.com\/index.php\/wp-json\/wp\/v2\/comments?post=108298"}],"version-history":[{"count":1,"href":"https:\/\/www.actualidadadiario.com\/index.php\/wp-json\/wp\/v2\/posts\/108298\/revisions"}],"predecessor-version":[{"id":108299,"href":"https:\/\/www.actualidadadiario.com\/index.php\/wp-json\/wp\/v2\/posts\/108298\/revisions\/108299"}],"wp:featuredmedia":[{"embeddable":true,"href":"https:\/\/www.actualidadadiario.com\/index.php\/wp-json\/wp\/v2\/media\/108086"}],"wp:attachment":[{"href":"https:\/\/www.actualidadadiario.com\/index.php\/wp-json\/wp\/v2\/media?parent=108298"}],"wp:term":[{"taxonomy":"category","embeddable":true,"href":"https:\/\/www.actualidadadiario.com\/index.php\/wp-json\/wp\/v2\/categories?post=108298"},{"taxonomy":"post_tag","embeddable":true,"href":"https:\/\/www.actualidadadiario.com\/index.php\/wp-json\/wp\/v2\/tags?post=108298"}],"curies":[{"name":"wp","href":"https:\/\/api.w.org\/{rel}","templated":true}]}}