{"id":108294,"date":"2023-09-20T13:50:59","date_gmt":"2023-09-20T16:50:59","guid":{"rendered":"https:\/\/www.actualidadadiario.com\/?p=108294"},"modified":"2023-09-20T14:28:52","modified_gmt":"2023-09-20T17:28:52","slug":"macri-critico-a-los-diputados-radicales-que-votaron-la-modificacion-de-ganancias-el-populismo-es-contagioso","status":"publish","type":"post","link":"https:\/\/www.actualidadadiario.com\/index.php\/2023\/09\/20\/macri-critico-a-los-diputados-radicales-que-votaron-la-modificacion-de-ganancias-el-populismo-es-contagioso\/","title":{"rendered":"Macri critic\u00f3 a los diputados radicales que votaron la modificaci\u00f3n de ganancias: &#8220;El populismo es contagioso&#8221;"},"content":{"rendered":"<p style=\"text-align: center;\"><em><strong>El expresidente Mauricio Macri formul\u00f3 declaraciones en las que apunt\u00f3 contra los diputados radicales que este martes votaron a favor de la modificaci\u00f3n del impuesto a las ganancias. En declaraciones a la prensa, el referente del PRO cuestion\u00f3 a los legisladores de la UCR que apoyaron el proyecto de Sergio Massa: &#8220;El populismo es algo muy contagioso&#8221;, dispar\u00f3<\/strong><\/em><\/p>\n<p>&nbsp;<\/p>\n<p>&nbsp;<\/p>\n<p>&#8220;Me parece que no estaba hablado. El populismo es muy contagioso&#8221;, se\u00f1al\u00f3 Macri anoche, al ser consultado por un medio de la localidad cordobesa de Villa Carlos Paz sobre la decisi\u00f3n que tom\u00f3 ese sector que integra la coalici\u00f3n Juntos por el Cambio (JxC) de aportar legisladores al qu\u00f3rum para debatir, en el marco de la sesi\u00f3n especial celebrada ayer, las iniciativas impulsadas por el Poder Ejecutivo.<\/p>\n<p>Con el apoyo de diferentes fuerzas pol\u00edticas, el oficialismo logr\u00f3 alcanzar el n\u00famero requerido para enviar el proyecto al Congreso. Mientras los libertarios de Javier Milei y la Izquierda acompa\u00f1aron la modificaci\u00f3n, Juntos por el Cambio rechaz\u00f3 la iniciativa. Evoluci\u00f3n Radical, el bloque de diputados que responde a Mart\u00edn Lousteau, puso a disposici\u00f3n a sus diputados y apoy\u00f3 el quorum para la sesi\u00f3n y posterior tratamiento del proyecto.<\/p>\n<p>Tras el cruce del expresidente, la diputada de Evoluci\u00f3n Danya Tavela critic\u00f3 la posici\u00f3n de Macri en la coalici\u00f3n opositora: &#8220;Quiz\u00e1s hay que preguntarle c\u00f3mo se siente en Juntos por el Cambio&#8221;.<\/p>\n<p>&nbsp;<\/p>\n<p><strong>Discusi\u00f3n con un periodista por la deuda con el FMI: &#8220;Yo no te puedo educar en una conferencia de prensa&#8221;<\/strong><\/p>\n<p>Si bien es sabido que el expresidente Mauricio Macri tiene una visi\u00f3n particular sobre la deuda de 45 mil millones de d\u00f3lares que contrajo con el FMI, sus respuestas cuando se le pregunta por este tema pueden ser sorprendentes. Es lo que le sucedi\u00f3 a un periodista de C\u00f3rdoba que cuestion\u00f3 al exmandatario y termin\u00f3 discutiendo por la fr\u00e1gil respuesta.<\/p>\n<p>&#8220;Estas muy mal informado&#8221;, le insisti\u00f3 Macri cuando se le pregunt\u00f3 por la violaci\u00f3n del estatuto del organismo internacional para dar el pr\u00e9stamo, y le expres\u00f3 al periodista: &#8220;Yo no te puedo educar en una conferencia de prensa, as\u00ed que no puedo hacer nada&#8221;.<\/p>\n<p>Antes de esta respuesta, el expresidente asegur\u00f3 que es mentira que el oficialismo haya pagado parte de la deuda. Incluso, argumento que el gobierno actual solicit\u00f3 m\u00e1s deuda con el Fondo.<\/p>\n","protected":false},"excerpt":{"rendered":"<p>El expresidente Mauricio Macri formul\u00f3 declaraciones en las que apunt\u00f3 contra los diputados radicales que este martes votaron a favor de la modificaci\u00f3n del impuesto a las ganancias. En declaraciones a la prensa, el referente del PRO cuestion\u00f3 a los legisladores de la UCR que apoyaron el proyecto de Sergio Massa: &#8220;El populismo es algo muy contagioso&#8221;, dispar\u00f3 &nbsp; &nbsp; &#8220;Me parece que no estaba hablado. El populismo es muy contagioso&#8221;, se\u00f1al\u00f3 Macri anoche, al ser consultado por un medio de la localidad cordobesa de Villa Carlos Paz sobre la&#8230;<\/p>\n","protected":false},"author":3,"featured_media":108297,"comment_status":"closed","ping_status":"closed","sticky":false,"template":"","format":"standard","meta":[],"categories":[18],"tags":[],"_links":{"self":[{"href":"https:\/\/www.actualidadadiario.com\/index.php\/wp-json\/wp\/v2\/posts\/108294"}],"collection":[{"href":"https:\/\/www.actualidadadiario.com\/index.php\/wp-json\/wp\/v2\/posts"}],"about":[{"href":"https:\/\/www.actualidadadiario.com\/index.php\/wp-json\/wp\/v2\/types\/post"}],"author":[{"embeddable":true,"href":"https:\/\/www.actualidadadiario.com\/index.php\/wp-json\/wp\/v2\/users\/3"}],"replies":[{"embeddable":true,"href":"https:\/\/www.actualidadadiario.com\/index.php\/wp-json\/wp\/v2\/comments?post=108294"}],"version-history":[{"count":1,"href":"https:\/\/www.actualidadadiario.com\/index.php\/wp-json\/wp\/v2\/posts\/108294\/revisions"}],"predecessor-version":[{"id":108296,"href":"https:\/\/www.actualidadadiario.com\/index.php\/wp-json\/wp\/v2\/posts\/108294\/revisions\/108296"}],"wp:featuredmedia":[{"embeddable":true,"href":"https:\/\/www.actualidadadiario.com\/index.php\/wp-json\/wp\/v2\/media\/108297"}],"wp:attachment":[{"href":"https:\/\/www.actualidadadiario.com\/index.php\/wp-json\/wp\/v2\/media?parent=108294"}],"wp:term":[{"taxonomy":"category","embeddable":true,"href":"https:\/\/www.actualidadadiario.com\/index.php\/wp-json\/wp\/v2\/categories?post=108294"},{"taxonomy":"post_tag","embeddable":true,"href":"https:\/\/www.actualidadadiario.com\/index.php\/wp-json\/wp\/v2\/tags?post=108294"}],"curies":[{"name":"wp","href":"https:\/\/api.w.org\/{rel}","templated":true}]}}