{"id":108291,"date":"2023-09-20T13:48:49","date_gmt":"2023-09-20T16:48:49","guid":{"rendered":"https:\/\/www.actualidadadiario.com\/?p=108291"},"modified":"2023-09-20T13:48:49","modified_gmt":"2023-09-20T16:48:49","slug":"la-reforma-de-ganancias-podria-obtener-impulso-en-el-senado-antes-de-lo-previsto","status":"publish","type":"post","link":"https:\/\/www.actualidadadiario.com\/index.php\/2023\/09\/20\/la-reforma-de-ganancias-podria-obtener-impulso-en-el-senado-antes-de-lo-previsto\/","title":{"rendered":"La reforma de Ganancias podr\u00eda obtener impulso en el Senado antes de lo previsto"},"content":{"rendered":"<p style=\"text-align: center;\"><em><strong>Luego de la media sanci\u00f3n en Diputados, la iniciativa obtendr\u00eda celeridad en la C\u00e1mara alta, en caso de que se incluya en el temario de una de las comisiones que se re\u00fane este jueves<\/strong><\/em><\/p>\n<p>&nbsp;<\/p>\n<p>&nbsp;<\/p>\n<p>El Senado podr\u00eda darle impulso ma\u00f1ana al proyecto de reforma de Ganancias, luego de que la iniciativa obtuviera la media sanci\u00f3n de la C\u00e1mara de Diputados.<\/p>\n<p>Este jueves a las 15 est\u00e1 prevista la reuni\u00f3n de la Comisi\u00f3n de Presupuesto y Hacienda de la C\u00e1mara alta: por el momento, el temario s\u00f3lo incluye el proyecto de ley en revisi\u00f3n sobre sistema integral de cobertura y promoci\u00f3n de cr\u00e9ditos hipotecarios.<\/p>\n<p>Sin embargo, seg\u00fan trascendi\u00f3, se baraja la posibilidad de ampliarlo e incluir la reforma del Impuesto a las Ganancias.<\/p>\n<p>En ese caso y de obtener el visto bueno de la Comisi\u00f3n de Presupuesto y Hacienda, que preside el peronista Ricardo Guerra, la iniciativa impulsada por el ministro de Econom\u00eda y candidato presidencial de Uni\u00f3n por la Patria, Sergio Massa, podr\u00eda adoptar velocidad en su tratamiento legislativo.<\/p>\n<p>El proyecto obtuvo la media sanci\u00f3n en la C\u00e1mara de Diputados con 135 votos afirmativos y 103 negativos.<\/p>\n","protected":false},"excerpt":{"rendered":"<p>Luego de la media sanci\u00f3n en Diputados, la iniciativa obtendr\u00eda celeridad en la C\u00e1mara alta, en caso de que se incluya en el temario de una de las comisiones que se re\u00fane este jueves &nbsp; &nbsp; El Senado podr\u00eda darle impulso ma\u00f1ana al proyecto de reforma de Ganancias, luego de que la iniciativa obtuviera la media sanci\u00f3n de la C\u00e1mara de Diputados. Este jueves a las 15 est\u00e1 prevista la reuni\u00f3n de la Comisi\u00f3n de Presupuesto y Hacienda de la C\u00e1mara alta: por el momento, el temario s\u00f3lo incluye el&#8230;<\/p>\n","protected":false},"author":3,"featured_media":108292,"comment_status":"closed","ping_status":"closed","sticky":false,"template":"","format":"standard","meta":[],"categories":[18],"tags":[],"_links":{"self":[{"href":"https:\/\/www.actualidadadiario.com\/index.php\/wp-json\/wp\/v2\/posts\/108291"}],"collection":[{"href":"https:\/\/www.actualidadadiario.com\/index.php\/wp-json\/wp\/v2\/posts"}],"about":[{"href":"https:\/\/www.actualidadadiario.com\/index.php\/wp-json\/wp\/v2\/types\/post"}],"author":[{"embeddable":true,"href":"https:\/\/www.actualidadadiario.com\/index.php\/wp-json\/wp\/v2\/users\/3"}],"replies":[{"embeddable":true,"href":"https:\/\/www.actualidadadiario.com\/index.php\/wp-json\/wp\/v2\/comments?post=108291"}],"version-history":[{"count":1,"href":"https:\/\/www.actualidadadiario.com\/index.php\/wp-json\/wp\/v2\/posts\/108291\/revisions"}],"predecessor-version":[{"id":108293,"href":"https:\/\/www.actualidadadiario.com\/index.php\/wp-json\/wp\/v2\/posts\/108291\/revisions\/108293"}],"wp:featuredmedia":[{"embeddable":true,"href":"https:\/\/www.actualidadadiario.com\/index.php\/wp-json\/wp\/v2\/media\/108292"}],"wp:attachment":[{"href":"https:\/\/www.actualidadadiario.com\/index.php\/wp-json\/wp\/v2\/media?parent=108291"}],"wp:term":[{"taxonomy":"category","embeddable":true,"href":"https:\/\/www.actualidadadiario.com\/index.php\/wp-json\/wp\/v2\/categories?post=108291"},{"taxonomy":"post_tag","embeddable":true,"href":"https:\/\/www.actualidadadiario.com\/index.php\/wp-json\/wp\/v2\/tags?post=108291"}],"curies":[{"name":"wp","href":"https:\/\/api.w.org\/{rel}","templated":true}]}}