{"id":108289,"date":"2023-09-20T13:48:05","date_gmt":"2023-09-20T16:48:05","guid":{"rendered":"https:\/\/www.actualidadadiario.com\/?p=108289"},"modified":"2023-09-20T13:48:05","modified_gmt":"2023-09-20T16:48:05","slug":"debate-presidencial-se-definen-los-conductores-y-hay-nombres-que-suenan-fuerte","status":"publish","type":"post","link":"https:\/\/www.actualidadadiario.com\/index.php\/2023\/09\/20\/debate-presidencial-se-definen-los-conductores-y-hay-nombres-que-suenan-fuerte\/","title":{"rendered":"Debate presidencial: se definen los conductores y hay nombres que suenan fuerte"},"content":{"rendered":"<p style=\"text-align: center;\"><em><strong>Se trata de las parejas de conductores que llevar\u00e1n adelante la moderaci\u00f3n de los debates que se realizar\u00e1n los domingos 1 y 8 de octubre. Conoc\u00e9 a qu\u00e9 periodista propusieron los canales de televisi\u00f3n<\/strong><\/em><\/p>\n<p>&nbsp;<\/p>\n<p>&nbsp;<\/p>\n<p>Este mi\u00e9rcoles la C\u00e1mara Nacional Electoral (CNE) definir\u00e1 el sorteo de los periodistas que ser\u00e1n los moderadores de los dos debates presidenciales de cara a las elecciones 2023. Tambi\u00e9n para un posible balotaje. Para esto, los canales de televisi\u00f3n presentaron a sus parejas de conductores.<\/p>\n<p>La reuni\u00f3n se llevar\u00e1 a cabo en la sede del Tribunal Electoral, que contar\u00e1 con la presencia de los representantes de los cinco candidatos; de la C\u00e1mara Argentina de Productoras Independientes de Televisi\u00f3n (CAPIT), encargada de la producci\u00f3n y realizaci\u00f3n; y de la Televisi\u00f3n P\u00fablica, que se encargar\u00e1 de la transmisi\u00f3n de los debates. De llegar a un acuerdo entre los equipos de campa\u00f1a de los candidatos, se realizar\u00e1 el sorteo para determinar qui\u00e9nes ser\u00e1n los moderadores de cada debate.<\/p>\n<p>&nbsp;<\/p>\n<p><strong>Dupla de periodistas <\/strong><\/p>\n<p>En total, se designar\u00e1n 12 conductores para la realizaci\u00f3n de tres debates que se definir\u00e1n entre los candidatos propuestos por las cadenas de televisi\u00f3n de la Ciudad de Buenos Aires, la Asociaci\u00f3n de Teleradiodifusoras Argentinas (ATA), y el Consejo Federal de la Televisi\u00f3n P\u00fablica. Esta primera selecci\u00f3n se llev\u00f3 adelante tras una reuni\u00f3n entre los miembros de la C\u00e1mara Electoral y los directores de noticias de las emisoras.<\/p>\n<p>De Canal 13, Luciana Geuna y Marcelo Bonelli; Telef\u00e9, Erica Fontana y Rodolfo Barili; Am\u00e9rica, Soledad Larghi y Antonio Laje; Canal 9, Mariana Ver\u00f3n y Esteban Mirol; y la TVP, Lucila Trujillo y Pablo Vigna. En tanto, ATA propuso a Gisela Vallone, de Santa Fe, y a Sergio Roulier, de Rosario. Por su parte, el Consejo Federal present\u00f3 como candidatos a Exequiel Santamar\u00eda, de Tierra del Fuego, y a Maia de la Fuente, de La Rioja.<\/p>\n<p>En este marco, Claudio Mart\u00ednez, director ejecutivo de la TVP, enfatiz\u00f3 en \u201cdar un mensaje de participaci\u00f3n federal\u201d y sugiri\u00f3 que la C\u00e1mara eligiera a un representante de ATA y a otro del Consejo, una mujer y un var\u00f3n.<\/p>\n<p>&nbsp;<\/p>\n<p><strong>Fecha, hora y lugar <\/strong><\/p>\n<p>El pr\u00f3ximo 1 de octubre se realizar\u00e1 el primer debate presidencial previo a las elecciones generales. En este evento, los cinco candidatos a presidente de la Naci\u00f3n, Javier Milei, Patricia Bullrich, Sergio Massa, Juan Schiaretti y Myriam Bregman, tendr\u00e1n la oportunidad de dar a conocer sus propuestas y responder las principales inquietudes de la sociedad. La C\u00e1mara Nacional Electoral (CNE) es el organismo encargado de organizar y designar un consejo asesor que se encarga de los detalles de este evento, que se realizar\u00e1 en dos universidades nacionales.<\/p>\n<p>El primer debate se realizar\u00e1 el 1 de octubre en el F\u00f3rum, centro de convenciones de la provincia de Santiago del Estero, y estar\u00e1 organizado por la Universidad Nacional ubicada en dicha provincia (UNSE). El segundo debate ser\u00e1 el 8 de octubre en la Facultad de Derecho de la Universidad de Buenos Aires. En caso de balotaje se realizar\u00e1 un tercer debate presidencial en la misma facultad de la UBA. Se prev\u00e9 que ambos comiencen entre las 21.30 y 22 y dure dos horas aproximadamente.<\/p>\n<p>El debate presidencial ser\u00e1 transmitido por todos los medios de comunicaci\u00f3n del Estado. Mientras que los medios de comunicaci\u00f3n privados podr\u00e1n optar de forma gratuita si desean transmitir el debate.<\/p>\n<p>&nbsp;<\/p>\n<p><strong>Participaci\u00f3n obligatoria<\/strong><\/p>\n<p>La obligatoriedad del debate presidencial fue ratificada por la CNE ya que los candidatos deben dar a conocer sus respectivos proyectos de gesti\u00f3n a desarrollar en caso de asumir el Poder Ejecutivo. Aquellos candidatos que decidan no participar del debate presidencial ser\u00e1n sancionados con la p\u00e9rdida de los espacios de publicidad audiovisual cedidos por el Estado Nacional a trav\u00e9s de la DINE (Direcci\u00f3n Nacional Electoral).<\/p>\n<p>&nbsp;<\/p>\n<p><strong>Qu\u00e9 se espera <\/strong><\/p>\n<p>Los analistas pol\u00edticos coinciden en que el debate presidencial es una oportunidad para que los candidatos se diferencien entre s\u00ed y presenten sus propuestas de manera clara y concisa. Tambi\u00e9n es una oportunidad para que los ciudadanos conozcan mejor a los candidatos y sus ideas, y puedan tomar una decisi\u00f3n informada en las elecciones.<\/p>\n<p>&nbsp;<\/p>\n<p><strong>Temas<\/strong><\/p>\n<p><strong>&#8211; Econom\u00eda:<\/strong> inflaci\u00f3n, desempleo, pobreza, deuda externa.<\/p>\n<p><strong>&#8211; Seguridad:<\/strong> narcotr\u00e1fico, violencia, inseguridad.<\/p>\n<p><strong>&#8211; Educaci\u00f3n:<\/strong> calidad educativa, acceso a la educaci\u00f3n.<\/p>\n<p><strong>&#8211; Salud:<\/strong> cobertura de salud, atenci\u00f3n m\u00e9dica.<\/p>\n<p><strong>&#8211; Medioambiente:<\/strong> cambio clim\u00e1tico, contaminaci\u00f3n.<\/p>\n<p>La sanci\u00f3n para los candidatos que decidan no participar del debate presidencial es la p\u00e9rdida de los espacios de publicidad audiovisual cedidos por el Estado Nacional a trav\u00e9s de la DINE. Esto significa que los candidatos no podr\u00e1n difundir sus propuestas a trav\u00e9s de los medios de comunicaci\u00f3n del Estado, lo que les podr\u00eda restar visibilidad y apoyo electoral.<\/p>\n","protected":false},"excerpt":{"rendered":"<p>Se trata de las parejas de conductores que llevar\u00e1n adelante la moderaci\u00f3n de los debates que se realizar\u00e1n los domingos 1 y 8 de octubre. Conoc\u00e9 a qu\u00e9 periodista propusieron los canales de televisi\u00f3n &nbsp; &nbsp; Este mi\u00e9rcoles la C\u00e1mara Nacional Electoral (CNE) definir\u00e1 el sorteo de los periodistas que ser\u00e1n los moderadores de los dos debates presidenciales de cara a las elecciones 2023. Tambi\u00e9n para un posible balotaje. Para esto, los canales de televisi\u00f3n presentaron a sus parejas de conductores. La reuni\u00f3n se llevar\u00e1 a cabo en la sede&#8230;<\/p>\n","protected":false},"author":3,"featured_media":98999,"comment_status":"closed","ping_status":"closed","sticky":false,"template":"","format":"standard","meta":[],"categories":[18],"tags":[],"_links":{"self":[{"href":"https:\/\/www.actualidadadiario.com\/index.php\/wp-json\/wp\/v2\/posts\/108289"}],"collection":[{"href":"https:\/\/www.actualidadadiario.com\/index.php\/wp-json\/wp\/v2\/posts"}],"about":[{"href":"https:\/\/www.actualidadadiario.com\/index.php\/wp-json\/wp\/v2\/types\/post"}],"author":[{"embeddable":true,"href":"https:\/\/www.actualidadadiario.com\/index.php\/wp-json\/wp\/v2\/users\/3"}],"replies":[{"embeddable":true,"href":"https:\/\/www.actualidadadiario.com\/index.php\/wp-json\/wp\/v2\/comments?post=108289"}],"version-history":[{"count":1,"href":"https:\/\/www.actualidadadiario.com\/index.php\/wp-json\/wp\/v2\/posts\/108289\/revisions"}],"predecessor-version":[{"id":108290,"href":"https:\/\/www.actualidadadiario.com\/index.php\/wp-json\/wp\/v2\/posts\/108289\/revisions\/108290"}],"wp:featuredmedia":[{"embeddable":true,"href":"https:\/\/www.actualidadadiario.com\/index.php\/wp-json\/wp\/v2\/media\/98999"}],"wp:attachment":[{"href":"https:\/\/www.actualidadadiario.com\/index.php\/wp-json\/wp\/v2\/media?parent=108289"}],"wp:term":[{"taxonomy":"category","embeddable":true,"href":"https:\/\/www.actualidadadiario.com\/index.php\/wp-json\/wp\/v2\/categories?post=108289"},{"taxonomy":"post_tag","embeddable":true,"href":"https:\/\/www.actualidadadiario.com\/index.php\/wp-json\/wp\/v2\/tags?post=108289"}],"curies":[{"name":"wp","href":"https:\/\/api.w.org\/{rel}","templated":true}]}}