{"id":108284,"date":"2023-09-20T13:45:56","date_gmt":"2023-09-20T16:45:56","guid":{"rendered":"https:\/\/www.actualidadadiario.com\/?p=108284"},"modified":"2023-09-20T13:45:56","modified_gmt":"2023-09-20T16:45:56","slug":"el-gol-de-massa-con-ganancias-expuso-a-jxc-y-casi-lo-quiebra-en-diputados","status":"publish","type":"post","link":"https:\/\/www.actualidadadiario.com\/index.php\/2023\/09\/20\/el-gol-de-massa-con-ganancias-expuso-a-jxc-y-casi-lo-quiebra-en-diputados\/","title":{"rendered":"El gol de Massa con Ganancias expuso a JXC y casi lo quiebra en Diputados"},"content":{"rendered":"<p style=\"text-align: center;\"><em><strong>Los jefes de bloque Ritondo, Negri y L\u00f3pez tuvieron que habilitar abstenciones y ausencias para evitar que se rompa la bancada opositora. Mientras que los legisladores Yacobitti, Antola, Tavela y Brouwer de Koning bajaron a sus bancas e hicieron tambalear la unidad<\/strong><\/em><\/p>\n<p>&nbsp;<\/p>\n<p>&nbsp;<\/p>\n<p>Ayer, la apertura de la sesi\u00f3n de la reforma al Impuesto a las Ganancias con una parte del bloque Evoluci\u00f3n UCR aportando al qu\u00f3rum desat\u00f3 una crisis en el interbloque de Juntos por el Cambio.<\/p>\n<p>El interbloque opositor se hab\u00eda reunido a la ma\u00f1ana y hab\u00edan acordado que votar\u00edan en contra de la eliminaci\u00f3n de la cuarta categor\u00eda del impuesto a las Ganancias, pero hubo diferencias. Estuvieron quienes pensaron que al interbloque le hubiera venido mejor armar un dictamen superador al actual, un proyecto que baje impuestos pero que compense esa reducci\u00f3n con un recorte del gasto p\u00fablico en otro lado, o mayor recaudaci\u00f3n, y que no sea exclusivamente un rechazo por el antikirchnerismo caracter\u00edstico de la alianza para quedar bien de cara a las elecciones.<\/p>\n<p>Esa disyuntiva qued\u00f3 saldada por la negativa. En la oficina del jefe de la bancada PRO, Cristian Ritondo, tambi\u00e9n estuvo el titular del bloque de la Coalici\u00f3n C\u00edvica, Juan Manuel L\u00f3pez y Mario Negri que discutieron por dos horas c\u00f3mo contener fugas y broncas, y decidieron habilitar abstenciones y ausencias.<\/p>\n<p>Era una posici\u00f3n improbable ir a favor, aunque Juntos por el Cambio haya realizado spots de campa\u00f1a asegurando que bajar\u00edan los impuestos. Fue Emiliano Yacobitti, Marcela Antola, Daina Tavela y Mara Brouwer de Koning, quienes eligieron sentarse en sus bancas y facilitar el qu\u00f3rum para no quedar tan expuestos, lo que desair\u00f3 al cordob\u00e9s Rodrigo De Loredo, l\u00edder de Evoluci\u00f3n en la C\u00e1mara Baja.<\/p>\n<p>&#8220;Esta ma\u00f1ana hubo reuni\u00f3n de bloque y Rodrigo hab\u00eda dicho que votaban todos juntos&#8221;, dijeron en un despacho del radicalismo, y se\u00f1alaron: &#8220;Nosotros ordenamos a los del Nordeste, que no quer\u00edan acompa\u00f1ar esta postura, pero as\u00ed no se puede&#8221;.<\/p>\n<p>A esto, se le sum\u00f3 la presencia de Javier Milei para dar qu\u00f3rum y su discurso en recinto en el que enfatiz\u00f3 en que &#8220;el salario no es ganancia&#8221;. El mismo discurso que le sirvi\u00f3 a Juntos por el Cambio para posicionarse en campa\u00f1a, aunque despu\u00e9s lo hizo quedar expuesto por estar m\u00e1s preocupados en votar en contra del kirchnerismo que a favor de los ciudadanos.<\/p>\n<p>No s\u00f3lo fueron los referentes de Evoluci\u00f3n sino tambi\u00e9n del bloque SER, de Claudio Vidal, el candidato apoyado por Cambiemos en Santa Cruz y pr\u00f3ximo gobernador que tambi\u00e9n se sentaron en sus bancas. Tanto Vidal como el riojano Felipe \u00c1lvarez, del SER, votaron a favor del proyecto.<\/p>\n<p>Por el contrario, los cuatro de Evoluci\u00f3n, donde se esperaban abstenciones, lo hicieron por la negativa. Eso llam\u00f3 la atenci\u00f3n. Un legislador del interbloque resumi\u00f3 el juego de la siguiente manera: \u201cEl arreglo de \u00e9l (por Yacobitti) fue el qu\u00f3rum\u201d.<\/p>\n","protected":false},"excerpt":{"rendered":"<p>Los jefes de bloque Ritondo, Negri y L\u00f3pez tuvieron que habilitar abstenciones y ausencias para evitar que se rompa la bancada opositora. Mientras que los legisladores Yacobitti, Antola, Tavela y Brouwer de Koning bajaron a sus bancas e hicieron tambalear la unidad &nbsp; &nbsp; Ayer, la apertura de la sesi\u00f3n de la reforma al Impuesto a las Ganancias con una parte del bloque Evoluci\u00f3n UCR aportando al qu\u00f3rum desat\u00f3 una crisis en el interbloque de Juntos por el Cambio. El interbloque opositor se hab\u00eda reunido a la ma\u00f1ana y hab\u00edan&#8230;<\/p>\n","protected":false},"author":3,"featured_media":108285,"comment_status":"closed","ping_status":"closed","sticky":false,"template":"","format":"standard","meta":[],"categories":[18],"tags":[],"_links":{"self":[{"href":"https:\/\/www.actualidadadiario.com\/index.php\/wp-json\/wp\/v2\/posts\/108284"}],"collection":[{"href":"https:\/\/www.actualidadadiario.com\/index.php\/wp-json\/wp\/v2\/posts"}],"about":[{"href":"https:\/\/www.actualidadadiario.com\/index.php\/wp-json\/wp\/v2\/types\/post"}],"author":[{"embeddable":true,"href":"https:\/\/www.actualidadadiario.com\/index.php\/wp-json\/wp\/v2\/users\/3"}],"replies":[{"embeddable":true,"href":"https:\/\/www.actualidadadiario.com\/index.php\/wp-json\/wp\/v2\/comments?post=108284"}],"version-history":[{"count":1,"href":"https:\/\/www.actualidadadiario.com\/index.php\/wp-json\/wp\/v2\/posts\/108284\/revisions"}],"predecessor-version":[{"id":108286,"href":"https:\/\/www.actualidadadiario.com\/index.php\/wp-json\/wp\/v2\/posts\/108284\/revisions\/108286"}],"wp:featuredmedia":[{"embeddable":true,"href":"https:\/\/www.actualidadadiario.com\/index.php\/wp-json\/wp\/v2\/media\/108285"}],"wp:attachment":[{"href":"https:\/\/www.actualidadadiario.com\/index.php\/wp-json\/wp\/v2\/media?parent=108284"}],"wp:term":[{"taxonomy":"category","embeddable":true,"href":"https:\/\/www.actualidadadiario.com\/index.php\/wp-json\/wp\/v2\/categories?post=108284"},{"taxonomy":"post_tag","embeddable":true,"href":"https:\/\/www.actualidadadiario.com\/index.php\/wp-json\/wp\/v2\/tags?post=108284"}],"curies":[{"name":"wp","href":"https:\/\/api.w.org\/{rel}","templated":true}]}}