{"id":108278,"date":"2023-09-20T13:44:10","date_gmt":"2023-09-20T16:44:10","guid":{"rendered":"https:\/\/www.actualidadadiario.com\/?p=108278"},"modified":"2023-09-20T13:44:10","modified_gmt":"2023-09-20T16:44:10","slug":"los-candidatos-a-vicepresidente-tendran-su-debate-esta-noche","status":"publish","type":"post","link":"https:\/\/www.actualidadadiario.com\/index.php\/2023\/09\/20\/los-candidatos-a-vicepresidente-tendran-su-debate-esta-noche\/","title":{"rendered":"Los candidatos a vicepresidente tendr\u00e1n su debate esta noche"},"content":{"rendered":"<p style=\"text-align: center;\"><em><strong>Agust\u00edn Rossi, Luis Petri, Victoria Villarruel, Florencio Randazzo y Nicol\u00e1s del Ca\u00f1o, de las cinco fuerzas pol\u00edticas que competir\u00e1n en las presidenciales del 22 de octubre, participar\u00e1n de un debate televisivo a las 22 por la se\u00f1al TN<\/strong><\/em><\/p>\n<p>&nbsp;<\/p>\n<p>&nbsp;<\/p>\n<p>Los candidatos a vicepresidente de las cinco fuerzas pol\u00edticas que competir\u00e1n en las elecciones presidenciales del 22 de octubre debatir\u00e1n esta noche por primera vez, convocados por el programa \u00abA dos voces\u00bb en el canal de cable Todo Noticias (TN).<\/p>\n<p>Agust\u00edn Rossi (Uni\u00f3n por la Patria), Luis Petri (Juntos por el Cambio), Victoria Villarruel (La Libertad Avanza), Florencio Randazzo (Hacemos por nuestro pa\u00eds) y Nicol\u00e1s del Ca\u00f1o (Frente de Izquierda) -los compa\u00f1eros de f\u00f3rmula de Sergio Massa, Patricia Bullrich, Javier Milei, Juan Schiaretti y Myriam Bregman, respectivamente- debatir\u00e1n desde las 22 en los estudios de TN, bajo la conducci\u00f3n de los periodistas Marcelo Bonelli y Edgardo Alfano.<\/p>\n<p>Ser\u00e1 el primer debate por TV con vistas a la elecci\u00f3n de octubre, previo al cruce de los candidatos a jefe de Gobierno porte\u00f1o que se realizar\u00e1 el pr\u00f3ximo mi\u00e9rcoles 27 y a los debates presidenciales del 1 y 8 de octubre, que se realizar\u00e1n en Santiago del Estero y la facultad de Derecho de la Universidad de Buenos Aires, respectivamente.<\/p>\n<p>Seg\u00fan explicaron los organizadores de TN, el programa iniciar\u00e1 esta noche con un video explicativo de las reglas que deber\u00e1n respetar los candidatos a vicepresidente. Cada uno ubicado en su atril, tendr\u00e1 en primera instancia un minuto para presentarse y aportar su visi\u00f3n general de la campa\u00f1a.<\/p>\n<p>La organizaci\u00f3n del debate, en coordinaci\u00f3n con los equipos de asesores de los participantes, definieron tres temas para debatir: econom\u00eda, inflaci\u00f3n y trabajo; rol del Estado y conflictividad social; y pol\u00edtica de seguridad, defensa y justicia.<\/p>\n<p>Seg\u00fan se precis\u00f3, cada pol\u00edtico tendr\u00e1 un minuto para abordar la tem\u00e1tica, 30 segundos de derecho a r\u00e9plica y ocho minutos de discusi\u00f3n conjunta.<\/p>\n<p>El orden de inicio se defini\u00f3 a trav\u00e9s de un sorteo que se llev\u00f3 adelante el mi\u00e9rcoles 13 de septiembre.<\/p>\n<p>El debate tendr\u00e1 tambi\u00e9n un bloque de preguntas en el que los candidatos se interrogar\u00e1n mutuamente y tendr\u00e1n un minuto para contestar.<\/p>\n<p>Los candidatos tendr\u00e1n, en primera instancia, un minuto para presentarse y aportar su visi\u00f3n general de la campa\u00f1a<\/p>\n<p>El orden ser\u00e1 fijado por la cantidad de votos que obtuvo el espacio pol\u00edtico en las PASO y cada uno podr\u00e1 ser elegido dos veces como m\u00e1ximo para responder preguntas.<\/p>\n<p>Finalmente, en el bloque de cierre, los conductores anunciar\u00e1n un minuto final para cada candidato, y en un sorteo determin\u00f3 que ir\u00e1n en el siguiente orden: Del Ca\u00f1o, Rossi, Villarruel, Randazzo y Petri.<\/p>\n","protected":false},"excerpt":{"rendered":"<p>Agust\u00edn Rossi, Luis Petri, Victoria Villarruel, Florencio Randazzo y Nicol\u00e1s del Ca\u00f1o, de las cinco fuerzas pol\u00edticas que competir\u00e1n en las presidenciales del 22 de octubre, participar\u00e1n de un debate televisivo a las 22 por la se\u00f1al TN &nbsp; &nbsp; Los candidatos a vicepresidente de las cinco fuerzas pol\u00edticas que competir\u00e1n en las elecciones presidenciales del 22 de octubre debatir\u00e1n esta noche por primera vez, convocados por el programa \u00abA dos voces\u00bb en el canal de cable Todo Noticias (TN). Agust\u00edn Rossi (Uni\u00f3n por la Patria), Luis Petri (Juntos por&#8230;<\/p>\n","protected":false},"author":3,"featured_media":108279,"comment_status":"closed","ping_status":"closed","sticky":false,"template":"","format":"standard","meta":[],"categories":[9],"tags":[],"_links":{"self":[{"href":"https:\/\/www.actualidadadiario.com\/index.php\/wp-json\/wp\/v2\/posts\/108278"}],"collection":[{"href":"https:\/\/www.actualidadadiario.com\/index.php\/wp-json\/wp\/v2\/posts"}],"about":[{"href":"https:\/\/www.actualidadadiario.com\/index.php\/wp-json\/wp\/v2\/types\/post"}],"author":[{"embeddable":true,"href":"https:\/\/www.actualidadadiario.com\/index.php\/wp-json\/wp\/v2\/users\/3"}],"replies":[{"embeddable":true,"href":"https:\/\/www.actualidadadiario.com\/index.php\/wp-json\/wp\/v2\/comments?post=108278"}],"version-history":[{"count":1,"href":"https:\/\/www.actualidadadiario.com\/index.php\/wp-json\/wp\/v2\/posts\/108278\/revisions"}],"predecessor-version":[{"id":108280,"href":"https:\/\/www.actualidadadiario.com\/index.php\/wp-json\/wp\/v2\/posts\/108278\/revisions\/108280"}],"wp:featuredmedia":[{"embeddable":true,"href":"https:\/\/www.actualidadadiario.com\/index.php\/wp-json\/wp\/v2\/media\/108279"}],"wp:attachment":[{"href":"https:\/\/www.actualidadadiario.com\/index.php\/wp-json\/wp\/v2\/media?parent=108278"}],"wp:term":[{"taxonomy":"category","embeddable":true,"href":"https:\/\/www.actualidadadiario.com\/index.php\/wp-json\/wp\/v2\/categories?post=108278"},{"taxonomy":"post_tag","embeddable":true,"href":"https:\/\/www.actualidadadiario.com\/index.php\/wp-json\/wp\/v2\/tags?post=108278"}],"curies":[{"name":"wp","href":"https:\/\/api.w.org\/{rel}","templated":true}]}}