{"id":108275,"date":"2023-09-20T13:43:20","date_gmt":"2023-09-20T16:43:20","guid":{"rendered":"https:\/\/www.actualidadadiario.com\/?p=108275"},"modified":"2023-09-20T13:43:20","modified_gmt":"2023-09-20T16:43:20","slug":"tras-la-media-sancion-a-la-eliminacion-de-ganancias-massa-prepara-ley-iva-y-medidas-para-informales","status":"publish","type":"post","link":"https:\/\/www.actualidadadiario.com\/index.php\/2023\/09\/20\/tras-la-media-sancion-a-la-eliminacion-de-ganancias-massa-prepara-ley-iva-y-medidas-para-informales\/","title":{"rendered":"Tras la media sanci\u00f3n a la eliminaci\u00f3n de Ganancias, Massa prepara ley IVA y medidas para informales"},"content":{"rendered":"<p style=\"text-align: center;\"><em><strong>El candidato presidencial adelant\u00f3 nuevas propuestas en el camino de la recuperaci\u00f3n de ingresos: el env\u00edo de un proyecto para convertir tambi\u00e9n en ley la devoluci\u00f3n del IVA y medidas para trabajadores informales<\/strong><\/em><\/p>\n<p>&nbsp;<\/p>\n<p>&nbsp;<\/p>\n<p>Sergio Massa se sent\u00f3 en el palco que ocupaban los secretarios generales de la CGT cuando arrancaba el discurso de cierre del jefe del bloque de diputados de Uni\u00f3n por la Patria, Germ\u00e1n Mart\u00ednez, generando la inmediata reacci\u00f3n de la bancada oficialista que se levant\u00f3 a aplaudir y la de Juntos por el Cambio que gritaba cosas.<\/p>\n<p>El ministro de Econom\u00eda y candidato presidencial se anot\u00f3 un punto importante con la media sanci\u00f3n en la C\u00e1mara baja de la eliminaci\u00f3n del impuesto a las Ganancias para la cuarta categor\u00eda de trabajadores. &#8220;Me permite mostrar la agenda que quiero llevar adelante, que es la de recuperaci\u00f3n de los ingresos&#8221;, subray\u00f3. Adelant\u00f3 que est\u00e1 en elaboraci\u00f3n el proyecto para convertir en ley tambi\u00e9n la devoluci\u00f3n del IVA a los trabajadores de ingresos medios y bajos y confirm\u00f3 que analizan medidas para trabajadores informales.<\/p>\n<p>La presentaci\u00f3n de la iniciativa -que sali\u00f3 por decreto pero acompa\u00f1ada de un proyecto de ley para que los trabajadores queden exentos definitivamente a partir del a\u00f1o que viene- le permiti\u00f3 a Massa tomar una nueva centralidad y liderar la agenda en la campa\u00f1a. El proyecto dividi\u00f3 a la oposici\u00f3n y en el recinto tuvo el respaldo de Javier Milei y el bloque libertario, del FIT, de los partidos provinciales y parte del interbloque federal. En tanto, la bancada de Juntos por el Cambio -que hace de la rebaja de impuestos un dogma y con varios integrantes que se apresuraron a ironizar sobre un proyecto que creyeron que nunca llegar\u00eda- qued\u00f3 descolocada y con fisuras internas acerca de qu\u00e9 posici\u00f3n deb\u00edan tomar. Incluso hubo cuatro diputados radicales que aportaron al qu\u00f3rum.<\/p>\n<p>&#8220;Tuvieron a su m\u00e1ximo l\u00edder en 2015 diciendo que el impuesto no se iba a pagar y lo termin\u00f3 pagando m\u00e1s gente. Hoy podr\u00edan haber enmendado ese error&#8221;, profundiz\u00f3 el candidato en una entrevista nocturna a C5N desde su antiguo despacho en la presidencia de la C\u00e1mara de Diputados que hoy ocupa Cecilia Moreau. Durante todo el d\u00eda, el slogan &#8220;El salario no es ganancia&#8221; acompa\u00f1\u00f3 las comunicaciones del oficialismo. Massa pudo decir que, en su caso, no se trataba de una propuesta para la campa\u00f1a -como se cansaron de repetir los diputados opositores durante la sesi\u00f3n- sino que hac\u00eda m\u00e1s de diez a\u00f1os que ven\u00eda planteando que no corresponde aplicar el impuesto a la remuneraci\u00f3n que percibe el trabajador. Por cierto, el impuesto a las Ganancias siempre fue una preocupaci\u00f3n central en la agenda de Massa, que se interpret\u00f3 como un referente pol\u00edtico de los sectores medios.<\/p>\n<p>En este caso, la propuesta no s\u00f3lo le sirvi\u00f3 para descolocar a la oposici\u00f3n sino para entusiasmar al oficialismo luego de la sorpresa de las PASO, al fin con una buenas noticias para difundir entre los propios. En especial a los dirigentes cegetistas de los sindicatos m\u00e1s importantes, algunos de los cuales llevan muchos a\u00f1os peleando por la eliminaci\u00f3n del tributo como Camioneros y Bancarios. Luego de la votaci\u00f3n, Massa se abraz\u00f3 en el palco con H\u00e9ctor Daer, Carlos Acu\u00f1a y Pablo Moyano -los tres secretarios generales de la CGT- y afuera hubo celebraci\u00f3n entre los militantes de los gremios que se movilizaron hasta el Congreso para acompa\u00f1ar la sesi\u00f3n.<\/p>\n<p>Por eso, el objetivo de Massa es no abandonar la l\u00ednea y profundizar con nuevas medidas en los pr\u00f3ximos d\u00edas. El ministro lleg\u00f3 al Congreso alrededor de las 17 y se mostr\u00f3 reunido con Cecilia Moreau, el titular de AFIP, Carlos Castagneto, y el de Aduanas, Guillermo Michel, discutiendo la elaboraci\u00f3n del proyecto para convertir en ley la devoluci\u00f3n del IVA a productos de la canasta b\u00e1sica a monotributistas, jubilados y trabajadores con salarios menores a 700 mil pesos. Al igual que en el caso de Ganancias, la propuesta arranc\u00f3 este lunes por decreto por un plazo de 90 d\u00edas, pero la idea es convertirla en ley para que se convierta en algo definitivo.<\/p>\n<p>&#8220;Tomamos la decisi\u00f3n de cambiar de ra\u00edz el impuesto m\u00e1s regresivo que existe en la Argentina, que es el IVA. No puede ser que un beneficiario de un programa social, una jubilada o un laburante temporario o una empleada de casas particulares, pague el mismo impuesto que el que paga el due\u00f1o de un banco, es injusto&#8221;, avis\u00f3 Massa el fin de semana. Mientras que la eliminaci\u00f3n de Ganancias beneficia a trabajadores y jubilados de ingresos medios y altos, la devoluci\u00f3n del IVA impacta en los bolsillos de quienes perciben ingresos medios y bajos. En el caso del impuesto a las Ganancias, dejar\u00e1n de pagarlo 800 mil asalariados mientras que el reintegro del IVA aliviar\u00e1 la canasta b\u00e1sica para 22 millones de argentinos.<\/p>\n<p>Todav\u00eda estar\u00edan quedando fuera de las medidas de recomposici\u00f3n los trabajadores informales. Le consultaron a Massa si est\u00e1 evaluando otorgar una suma para ellos, al estilo de lo que fue el IFE durante la \u00e9poca de la pandemia. El ministro lo confirm\u00f3. &#8220;Estamos terminando de trabajar con la titular de Anses, Fernanda Raverta, y con el equipo econ\u00f3mico en una propuesta. Lo que se llama trabajadores informales o changarines, unos tres millones de argentinos, que est\u00e1n dentro de la fuerza productiva argentina pero fuera del sistema econ\u00f3mico formal, a los que de alguna manera tenemos que ayudar tambi\u00e9n a enfrentar la situaci\u00f3n que represent\u00f3 la devaluaci\u00f3n que el FMI impuso a la Argentina&#8221;, anticip\u00f3 sobre una medida que, imagin\u00f3, estar\u00e1 lista en los pr\u00f3ximos d\u00edas. Massa tiene hasta el pr\u00f3ximo martes 26 como fecha l\u00edmite para hacer anuncios.<\/p>\n<p>Frente a la radicalizaci\u00f3n de las propuestas de los candidatos de la ultraderecha, Massa tom\u00f3 una agenda de recomposici\u00f3n de los ingresos y de mejoras para los trabajadores. En una potente intervenci\u00f3n, el diputado y secretario general de la CTA, Hugo Yasky, critic\u00f3 los discursos de los representantes de la oposici\u00f3n que buscaban colocar la eliminaci\u00f3n de Ganancias como un enfrentamiento de trabajadores contra trabajadores y que hab\u00eda que apuntar a &#8220;meter la mano en los bolsillos de los poderosos&#8221;, enumerando las ganancias extraordinarias de grupos como Techint, Arcor, Molinos y Aeropuertos 2000. Anticip\u00f3 una agenda en la que hay que se deb\u00eda discutir la reducci\u00f3n de la jornada laboral, las licencias parentales y los derechos de los trabajadores de plataformas. &#8220;La clase trabajadora es una sola&#8221;, defini\u00f3.<\/p>\n","protected":false},"excerpt":{"rendered":"<p>El candidato presidencial adelant\u00f3 nuevas propuestas en el camino de la recuperaci\u00f3n de ingresos: el env\u00edo de un proyecto para convertir tambi\u00e9n en ley la devoluci\u00f3n del IVA y medidas para trabajadores informales &nbsp; &nbsp; Sergio Massa se sent\u00f3 en el palco que ocupaban los secretarios generales de la CGT cuando arrancaba el discurso de cierre del jefe del bloque de diputados de Uni\u00f3n por la Patria, Germ\u00e1n Mart\u00ednez, generando la inmediata reacci\u00f3n de la bancada oficialista que se levant\u00f3 a aplaudir y la de Juntos por el Cambio que&#8230;<\/p>\n","protected":false},"author":3,"featured_media":108276,"comment_status":"closed","ping_status":"closed","sticky":false,"template":"","format":"standard","meta":[],"categories":[9],"tags":[],"_links":{"self":[{"href":"https:\/\/www.actualidadadiario.com\/index.php\/wp-json\/wp\/v2\/posts\/108275"}],"collection":[{"href":"https:\/\/www.actualidadadiario.com\/index.php\/wp-json\/wp\/v2\/posts"}],"about":[{"href":"https:\/\/www.actualidadadiario.com\/index.php\/wp-json\/wp\/v2\/types\/post"}],"author":[{"embeddable":true,"href":"https:\/\/www.actualidadadiario.com\/index.php\/wp-json\/wp\/v2\/users\/3"}],"replies":[{"embeddable":true,"href":"https:\/\/www.actualidadadiario.com\/index.php\/wp-json\/wp\/v2\/comments?post=108275"}],"version-history":[{"count":1,"href":"https:\/\/www.actualidadadiario.com\/index.php\/wp-json\/wp\/v2\/posts\/108275\/revisions"}],"predecessor-version":[{"id":108277,"href":"https:\/\/www.actualidadadiario.com\/index.php\/wp-json\/wp\/v2\/posts\/108275\/revisions\/108277"}],"wp:featuredmedia":[{"embeddable":true,"href":"https:\/\/www.actualidadadiario.com\/index.php\/wp-json\/wp\/v2\/media\/108276"}],"wp:attachment":[{"href":"https:\/\/www.actualidadadiario.com\/index.php\/wp-json\/wp\/v2\/media?parent=108275"}],"wp:term":[{"taxonomy":"category","embeddable":true,"href":"https:\/\/www.actualidadadiario.com\/index.php\/wp-json\/wp\/v2\/categories?post=108275"},{"taxonomy":"post_tag","embeddable":true,"href":"https:\/\/www.actualidadadiario.com\/index.php\/wp-json\/wp\/v2\/tags?post=108275"}],"curies":[{"name":"wp","href":"https:\/\/api.w.org\/{rel}","templated":true}]}}