{"id":108266,"date":"2023-09-20T12:49:04","date_gmt":"2023-09-20T15:49:04","guid":{"rendered":"https:\/\/www.actualidadadiario.com\/?p=108266"},"modified":"2023-09-20T12:49:04","modified_gmt":"2023-09-20T15:49:04","slug":"las-pruebas-aprender-2023-tuvieron-una-participacion-cercana-al-90","status":"publish","type":"post","link":"https:\/\/www.actualidadadiario.com\/index.php\/2023\/09\/20\/las-pruebas-aprender-2023-tuvieron-una-participacion-cercana-al-90\/","title":{"rendered":"Las Pruebas Aprender 2023 tuvieron una &#8220;participaci\u00f3n cercana al 90%&#8221;"},"content":{"rendered":"<p style=\"text-align: center;\"><em><strong>Se llevaron adelante evaluaciones para cerca de 750.000 estudiantes de sexto grado. &#8220;Nos va a dar una trazabilidad certera sobre los efectos de la pandemia y el retorno a la presencialidad&#8221;, asegur\u00f3 Germ\u00e1n Lodola, secretario de Evaluaci\u00f3n e Informaci\u00f3n Educativa del Ministerio de Educaci\u00f3n de la Naci\u00f3n<\/strong><\/em><\/p>\n<p>&nbsp;<\/p>\n<p>&nbsp;<\/p>\n<p>Las Pruebas Aprender 2023 se llevaron a cabo este martes con &#8220;un alto nivel de participaci\u00f3n cercana al 90%&#8221; y los primeros resultados estar\u00e1n disponibles &#8220;a partir de la segunda semana de noviembre&#8221;, seg\u00fan detall\u00f3 a T\u00e9lam Germ\u00e1n Lodola, secretario de Evaluaci\u00f3n e Informaci\u00f3n Educativa del Ministerio de Educaci\u00f3n de la Naci\u00f3n.<\/p>\n<p>El Ministerio de Educaci\u00f3n lleva adelante estas pruebas en las que participaron alrededor de 20.500 escuelas primarias de todo el pa\u00eds y cerca de 750.000 estudiantes de sexto grado.<\/p>\n<p>Las Pruebas Aprender &#8220;nos van a permitir tener una trazabilidad bastante certera sobre los efectos reales de la pandemia y los efectos de la pospandemia con el retorno a la presencialidad&#8221;, asegur\u00f3 Lodola.<\/p>\n<p>Y agreg\u00f3 que &#8220;es una prueba que hace un recorte sobre el grado de conocimiento y de dominio que los chicos y chicas tienen sobre algunos contenidos curriculares y algunas capacidades cognitivas aplicadas a la lengua y a la matem\u00e1tica en sus trayectorias escolares&#8221;.<\/p>\n<p>Las Pruebas Aprender 2023 &#8220;contribuyen al diagn\u00f3stico del sistema educativo, promueve procesos de reflexi\u00f3n al interior de las escuelas, genera evidencia para la toma de decisiones y enriquece el debate p\u00fablico de todos los actores involucrados al quehacer escolar&#8221;, explicaron desde el Ministerio a trav\u00e9s de un comunicado de prensa.<\/p>\n<p>A trav\u00e9s de la Secretar\u00eda de Evaluaci\u00f3n e Informaci\u00f3n Educativa (SEIE), Aprender Censal 2023 forma parte del Plan Nacional de Evaluaci\u00f3n Educativa 2023-2024 aprobado por el Consejo Federal de Educaci\u00f3n (CFE).<\/p>\n<p>&#8220;Los operativos de evaluaci\u00f3n en Argentina tienen unos 30 a\u00f1os. En el caso de la primaria, el a\u00f1o pasado incorporamos una prueba adicional -muestral-, fuera del cronograma para tener informaci\u00f3n de antes de la pandemia de Covid-19. Gracias a esto tenemos una cobertura casi anual en los \u00faltimos tres a\u00f1os&#8221;, asegur\u00f3 Lodola, licenciado en Ciencia Pol\u00edtica e investigador del Conicet.<\/p>\n<p>En la implementaci\u00f3n del operativo se aplicaron, tambi\u00e9n, cuestionarios complementarios a directivos y estudiantes sobre las condiciones de ense\u00f1anza y aprendizaje en la educaci\u00f3n primaria y otros aspectos como el uso de los materiales did\u00e1cticos aportados por el programa Libros Para Aprender.<\/p>\n<p>&#8220;En nivel primario distribuimos en 2022-2023 cerca de 20 millones de libros, que lleg\u00f3 a 4 millones de alumnos, casi toda la matr\u00edcula p\u00fablica y privada de este nivel&#8221;, indic\u00f3 Lodola.<\/p>\n<p>&#8220;El cuestionario docente contiene una bater\u00eda de preguntas sobre modalidad de ense\u00f1anza y usabilidad de algunos instrumentos pedag\u00f3gicos, entre ellos sobre los libros que se entregaron, por lo que adem\u00e1s se suma una evaluaci\u00f3n sobre usabilidad de estos materiales&#8221;, precis\u00f3.<\/p>\n<p>Adem\u00e1s de los \u00edtems de respuesta m\u00faltiples que caracterizan a la prueba, se incluyeron preguntas abiertas o de construcci\u00f3n en Lengua y Matem\u00e1tica para que las y los estudiantes elaboren y desarrollen sus respuestas sobre los contenidos adquiridos en el aula.<\/p>\n<p>&nbsp;<\/p>\n<p><strong>Los resultados<\/strong><\/p>\n<p>Desde el Ministerio informaron que &#8220;en el transcurso del a\u00f1o se publicar\u00e1 la S\u00edntesis de resultados Aprender 2023, que considerar\u00e1 aspectos como la cobertura y la participaci\u00f3n de las y los estudiantes y los desempe\u00f1os en las asignaturas desagregados por las principales variables de an\u00e1lisis como g\u00e9nero, \u00e1mbito y sector de gesti\u00f3n de las escuelas a las que asisten las alumnas y los alumnos, y el nivel socioecon\u00f3mico de sus hogares&#8221;.<\/p>\n<p>Seg\u00fan detall\u00f3 el secretario, los resultados de las Pruebas Aprender 2023 van a estar disponibles durante la segunda semana de noviembre de este a\u00f1o.<\/p>\n<p>&#8220;Esperamos darlo mucho m\u00e1s temprano que lo habitual, que suele demorar unos seis meses, pero los primeros resultados generales se presentar\u00e1n en noviembre con un resumen nacional de resultados&#8221;, indic\u00f3.<\/p>\n<p>La cartera educativa explic\u00f3 que &#8220;los resultados del operativo Aprender tambi\u00e9n se presentar\u00e1n en los Informes Jurisdiccionales de Resultados, Informes Tem\u00e1ticos Nacionales, Recomendaciones metodol\u00f3gicas para la ense\u00f1anza y en los reportes, Mirar la escuela desde los Datos y Mirar la escuela desde los aprendizajes&#8221;.<\/p>\n<p>Tambi\u00e9n estar\u00e1n incluidos en el Sistema Integrado de Consulta de Datos e Indicadores Educativos.<\/p>\n<p>&#8220;Nosotros entendemos la evaluaci\u00f3n como un conjunto de instrumentos, y no solamente que los chicos se sienten a contestar un cuestionario. Le damos uso a esa evaluaci\u00f3n con el dise\u00f1o de algunas pol\u00edticas que est\u00e1n directamente vinculado con evidencia en el campo nacional e internacional&#8221;, apunt\u00f3 el secretario.<\/p>\n<p>Por \u00faltimo, agreg\u00f3 que &#8220;cada escuela del pa\u00eds recibir\u00e1 un informe estad\u00edstico y pedag\u00f3gico de c\u00f3mo fue el desempe\u00f1o de la instituci\u00f3n en la prueba, junto con recomendaciones pedag\u00f3gicas de acciones a desarrollar&#8221;.<\/p>\n","protected":false},"excerpt":{"rendered":"<p>Se llevaron adelante evaluaciones para cerca de 750.000 estudiantes de sexto grado. &#8220;Nos va a dar una trazabilidad certera sobre los efectos de la pandemia y el retorno a la presencialidad&#8221;, asegur\u00f3 Germ\u00e1n Lodola, secretario de Evaluaci\u00f3n e Informaci\u00f3n Educativa del Ministerio de Educaci\u00f3n de la Naci\u00f3n &nbsp; &nbsp; Las Pruebas Aprender 2023 se llevaron a cabo este martes con &#8220;un alto nivel de participaci\u00f3n cercana al 90%&#8221; y los primeros resultados estar\u00e1n disponibles &#8220;a partir de la segunda semana de noviembre&#8221;, seg\u00fan detall\u00f3 a T\u00e9lam Germ\u00e1n Lodola, secretario de&#8230;<\/p>\n","protected":false},"author":3,"featured_media":80167,"comment_status":"closed","ping_status":"closed","sticky":false,"template":"","format":"standard","meta":[],"categories":[2],"tags":[],"_links":{"self":[{"href":"https:\/\/www.actualidadadiario.com\/index.php\/wp-json\/wp\/v2\/posts\/108266"}],"collection":[{"href":"https:\/\/www.actualidadadiario.com\/index.php\/wp-json\/wp\/v2\/posts"}],"about":[{"href":"https:\/\/www.actualidadadiario.com\/index.php\/wp-json\/wp\/v2\/types\/post"}],"author":[{"embeddable":true,"href":"https:\/\/www.actualidadadiario.com\/index.php\/wp-json\/wp\/v2\/users\/3"}],"replies":[{"embeddable":true,"href":"https:\/\/www.actualidadadiario.com\/index.php\/wp-json\/wp\/v2\/comments?post=108266"}],"version-history":[{"count":1,"href":"https:\/\/www.actualidadadiario.com\/index.php\/wp-json\/wp\/v2\/posts\/108266\/revisions"}],"predecessor-version":[{"id":108267,"href":"https:\/\/www.actualidadadiario.com\/index.php\/wp-json\/wp\/v2\/posts\/108266\/revisions\/108267"}],"wp:featuredmedia":[{"embeddable":true,"href":"https:\/\/www.actualidadadiario.com\/index.php\/wp-json\/wp\/v2\/media\/80167"}],"wp:attachment":[{"href":"https:\/\/www.actualidadadiario.com\/index.php\/wp-json\/wp\/v2\/media?parent=108266"}],"wp:term":[{"taxonomy":"category","embeddable":true,"href":"https:\/\/www.actualidadadiario.com\/index.php\/wp-json\/wp\/v2\/categories?post=108266"},{"taxonomy":"post_tag","embeddable":true,"href":"https:\/\/www.actualidadadiario.com\/index.php\/wp-json\/wp\/v2\/tags?post=108266"}],"curies":[{"name":"wp","href":"https:\/\/api.w.org\/{rel}","templated":true}]}}