{"id":108256,"date":"2023-09-20T11:54:17","date_gmt":"2023-09-20T14:54:17","guid":{"rendered":"https:\/\/www.actualidadadiario.com\/?p=108256"},"modified":"2023-09-20T11:54:17","modified_gmt":"2023-09-20T14:54:17","slug":"patricia-bullrich-tambien-estara-en-entre-rios-este-fin-de-semana","status":"publish","type":"post","link":"https:\/\/www.actualidadadiario.com\/index.php\/2023\/09\/20\/patricia-bullrich-tambien-estara-en-entre-rios-este-fin-de-semana\/","title":{"rendered":"Patricia Bullrich tambi\u00e9n estar\u00e1 en Entre R\u00edos este fin de semana"},"content":{"rendered":"<p style=\"text-align: center;\"><em><strong>La candidata a presidente por Juntos por el Cambio, Patricia Bullrich, estar\u00e1 en Entre R\u00edos el pr\u00f3ximo viernes 22 y s\u00e1bado 23 realizando actividad de campa\u00f1a, seg\u00fan informaron fuentes partidarias<\/strong><\/em><\/p>\n<p>&nbsp;<\/p>\n<p>&nbsp;<\/p>\n<p>La escala en Entre R\u00edos ser\u00e1 parte de una recorrida que incluir\u00e1 tambi\u00e9n el norte de la provincia de Buenos Aires y la vecina Santa Fe. Comenzar\u00e1 durante la ma\u00f1ana del viernes 22 y se extender\u00e1 hasta el s\u00e1bado 23.<\/p>\n<p>Ser\u00e1 parte de la caravana \u201cVamos por la Argentina\u201d que la llevar\u00e1 a visitar 51 localidades hasta el 19 de octubre y que comenzar\u00e1 este viernes 15 en la localidad de El Palomar.<\/p>\n<p>El vienes 22 de septiembre, a las 10:30 de la ma\u00f1ana, Bullrich har\u00e1 una parada corta en la localidad de Z\u00e1rate. A las 11 estar\u00e1 en Villa Paranacito y pasado el mediod\u00eda se trasladar\u00e1 a Gualeguaych\u00fa, donde realizar\u00e1 actividades de campa\u00f1a.<\/p>\n<p>A las 15:30 est\u00e1 previsto que viaje a Paran\u00e1, donde realizar\u00e1 un acto junto a militantes y simpatizantes de Juntos a la hora 20 en lugar a confirmar. Bullrich har\u00e1 noche en la capital provincial y, durante la ma\u00f1ana del s\u00e1bado, recibir\u00e1 a medios locales antes de trasladarse a la ciudad de Santa Fe.<\/p>\n","protected":false},"excerpt":{"rendered":"<p>La candidata a presidente por Juntos por el Cambio, Patricia Bullrich, estar\u00e1 en Entre R\u00edos el pr\u00f3ximo viernes 22 y s\u00e1bado 23 realizando actividad de campa\u00f1a, seg\u00fan informaron fuentes partidarias &nbsp; &nbsp; La escala en Entre R\u00edos ser\u00e1 parte de una recorrida que incluir\u00e1 tambi\u00e9n el norte de la provincia de Buenos Aires y la vecina Santa Fe. Comenzar\u00e1 durante la ma\u00f1ana del viernes 22 y se extender\u00e1 hasta el s\u00e1bado 23. Ser\u00e1 parte de la caravana \u201cVamos por la Argentina\u201d que la llevar\u00e1 a visitar 51 localidades hasta el&#8230;<\/p>\n","protected":false},"author":3,"featured_media":101016,"comment_status":"closed","ping_status":"closed","sticky":false,"template":"","format":"standard","meta":[],"categories":[15],"tags":[],"_links":{"self":[{"href":"https:\/\/www.actualidadadiario.com\/index.php\/wp-json\/wp\/v2\/posts\/108256"}],"collection":[{"href":"https:\/\/www.actualidadadiario.com\/index.php\/wp-json\/wp\/v2\/posts"}],"about":[{"href":"https:\/\/www.actualidadadiario.com\/index.php\/wp-json\/wp\/v2\/types\/post"}],"author":[{"embeddable":true,"href":"https:\/\/www.actualidadadiario.com\/index.php\/wp-json\/wp\/v2\/users\/3"}],"replies":[{"embeddable":true,"href":"https:\/\/www.actualidadadiario.com\/index.php\/wp-json\/wp\/v2\/comments?post=108256"}],"version-history":[{"count":1,"href":"https:\/\/www.actualidadadiario.com\/index.php\/wp-json\/wp\/v2\/posts\/108256\/revisions"}],"predecessor-version":[{"id":108257,"href":"https:\/\/www.actualidadadiario.com\/index.php\/wp-json\/wp\/v2\/posts\/108256\/revisions\/108257"}],"wp:featuredmedia":[{"embeddable":true,"href":"https:\/\/www.actualidadadiario.com\/index.php\/wp-json\/wp\/v2\/media\/101016"}],"wp:attachment":[{"href":"https:\/\/www.actualidadadiario.com\/index.php\/wp-json\/wp\/v2\/media?parent=108256"}],"wp:term":[{"taxonomy":"category","embeddable":true,"href":"https:\/\/www.actualidadadiario.com\/index.php\/wp-json\/wp\/v2\/categories?post=108256"},{"taxonomy":"post_tag","embeddable":true,"href":"https:\/\/www.actualidadadiario.com\/index.php\/wp-json\/wp\/v2\/tags?post=108256"}],"curies":[{"name":"wp","href":"https:\/\/api.w.org\/{rel}","templated":true}]}}